{"id":1773,"date":"2019-05-11T09:21:12","date_gmt":"2019-05-11T09:21:12","guid":{"rendered":"http:\/\/tsg-reiskirchen.de\/?p=1773"},"modified":"2021-01-23T17:01:23","modified_gmt":"2021-01-23T17:01:23","slug":"renate-weissenborn-fuer-45-jahre-uebungsleitertaetigkeit-geehrt","status":"publish","type":"post","link":"https:\/\/tsg-reiskirchen.de\/?p=1773","title":{"rendered":"Renate Wei\u00dfenborn f\u00fcr 45 Jahre \u00dcbungsleitert\u00e4tigkeit geehrt"},"content":{"rendered":"<p>Am vergangenen Donnerstag wurde Renate Wei\u00dfenborn f\u00fcr 45 Jahre ununterbrochene \u00dcbungsleitert\u00e4tigkeit f\u00fcr die Turnabteilung der TSG Reiskirchen durch den 1. Vorsitzenden Verwaltung Martin Sch\u00e4fer und den Ehrenratsvorsitzenden Jochen G\u00e4rtner im Rahmen einer Sportstunde in der Sporthalle der Kirschbergschule mit der silbernen Ehrennadel sowie einer Urkunde geehrt. Schon 1999 zur 25 j\u00e4hrigen \u00dcL-T\u00e4tigkeit wurde ihr der Gau-Ehrenbrief mit Nadel vom Turngau Mittelhessen \u00fcberreicht und im vergangenen Jahr wurde Renate zur Ehren\u00fcbungsleiterin ernannt. Ihre Kompetenz und Zuverl\u00e4ssigkeit \u2013 von der die Teilnehmer der Turnstunden profitieren &#8211; kann man nicht genug w\u00fcrdigen und hervorheben.<\/p>\n<p>&nbsp;<\/p>\n<p><img loading=\"lazy\" decoding=\"async\" class=\"alignnone size-medium wp-image-1774\" src=\"http:\/\/tsg-reiskirchen.de\/wp-content\/uploads\/2019\/05\/IMG_2270-e1557566349589-225x300.jpg\" alt=\"\" width=\"225\" height=\"300\" srcset=\"https:\/\/tsg-reiskirchen.de\/wp-content\/uploads\/2019\/05\/IMG_2270-e1557566349589-225x300.jpg 225w, https:\/\/tsg-reiskirchen.de\/wp-content\/uploads\/2019\/05\/IMG_2270-e1557566349589-768x1024.jpg 768w, https:\/\/tsg-reiskirchen.de\/wp-content\/uploads\/2019\/05\/IMG_2270-e1557566349589-773x1030.jpg 773w, https:\/\/tsg-reiskirchen.de\/wp-content\/uploads\/2019\/05\/IMG_2270-e1557566349589-1125x1500.jpg 1125w, https:\/\/tsg-reiskirchen.de\/wp-content\/uploads\/2019\/05\/IMG_2270-e1557566349589-529x705.jpg 529w, https:\/\/tsg-reiskirchen.de\/wp-content\/uploads\/2019\/05\/IMG_2270-e1557566349589-450x600.jpg 450w\" sizes=\"auto, (max-width: 225px) 100vw, 225px\" \/>\u00a0 <img loading=\"lazy\" decoding=\"async\" class=\"alignnone size-medium wp-image-1776\" src=\"http:\/\/tsg-reiskirchen.de\/wp-content\/uploads\/2019\/05\/IMG_2280-300x225.jpg\" alt=\"\" width=\"300\" height=\"225\" srcset=\"https:\/\/tsg-reiskirchen.de\/wp-content\/uploads\/2019\/05\/IMG_2280-300x225.jpg 300w, https:\/\/tsg-reiskirchen.de\/wp-content\/uploads\/2019\/05\/IMG_2280-768x576.jpg 768w, https:\/\/tsg-reiskirchen.de\/wp-content\/uploads\/2019\/05\/IMG_2280-1030x773.jpg 1030w, https:\/\/tsg-reiskirchen.de\/wp-content\/uploads\/2019\/05\/IMG_2280-1500x1125.jpg 1500w, https:\/\/tsg-reiskirchen.de\/wp-content\/uploads\/2019\/05\/IMG_2280-705x529.jpg 705w, https:\/\/tsg-reiskirchen.de\/wp-content\/uploads\/2019\/05\/IMG_2280-450x338.jpg 450w, https:\/\/tsg-reiskirchen.de\/wp-content\/uploads\/2019\/05\/IMG_2280.jpg 1632w\" sizes=\"auto, (max-width: 300px) 100vw, 300px\" \/> <img loading=\"lazy\" decoding=\"async\" class=\"alignnone size-medium wp-image-1775\" src=\"http:\/\/tsg-reiskirchen.de\/wp-content\/uploads\/2019\/05\/IMG_2271-300x225.jpg\" alt=\"\" width=\"300\" height=\"225\" srcset=\"https:\/\/tsg-reiskirchen.de\/wp-content\/uploads\/2019\/05\/IMG_2271-300x225.jpg 300w, https:\/\/tsg-reiskirchen.de\/wp-content\/uploads\/2019\/05\/IMG_2271-768x576.jpg 768w, https:\/\/tsg-reiskirchen.de\/wp-content\/uploads\/2019\/05\/IMG_2271-1030x773.jpg 1030w, https:\/\/tsg-reiskirchen.de\/wp-content\/uploads\/2019\/05\/IMG_2271-1500x1125.jpg 1500w, https:\/\/tsg-reiskirchen.de\/wp-content\/uploads\/2019\/05\/IMG_2271-705x529.jpg 705w, https:\/\/tsg-reiskirchen.de\/wp-content\/uploads\/2019\/05\/IMG_2271-450x338.jpg 450w\" sizes=\"auto, (max-width: 300px) 100vw, 300px\" \/><\/p>\n<p>&nbsp;<\/p>\n","protected":false},"excerpt":{"rendered":"<p>Am vergangenen Donnerstag wurde Renate Wei\u00dfenborn f\u00fcr 45 Jahre ununterbrochene \u00dcbungsleitert\u00e4tigkeit f\u00fcr die Turnabteilung der TSG Reiskirchen durch den 1. Vorsitzenden Verwaltung Martin Sch\u00e4fer und den Ehrenratsvorsitzenden Jochen G\u00e4rtner im Rahmen einer Sportstunde in der Sporthalle der Kirschbergschule mit der silbernen Ehrennadel sowie einer Urkunde geehrt. Schon 1999 zur 25 j\u00e4hrigen \u00dcL-T\u00e4tigkeit wurde ihr der [&hellip;]<\/p>\n","protected":false},"author":2,"featured_media":1784,"comment_status":"closed","ping_status":"open","sticky":false,"template":"","format":"standard","meta":{"footnotes":""},"categories":[14,33],"tags":[],"class_list":["post-1773","post","type-post","status-publish","format-standard","has-post-thumbnail","hentry","category-news","category-turnen-leichtathletik"],"_links":{"self":[{"href":"https:\/\/tsg-reiskirchen.de\/index.php?rest_route=\/wp\/v2\/posts\/1773","targetHints":{"allow":["GET"]}}],"collection":[{"href":"https:\/\/tsg-reiskirchen.de\/index.php?rest_route=\/wp\/v2\/posts"}],"about":[{"href":"https:\/\/tsg-reiskirchen.de\/index.php?rest_route=\/wp\/v2\/types\/post"}],"author":[{"embeddable":true,"href":"https:\/\/tsg-reiskirchen.de\/index.php?rest_route=\/wp\/v2\/users\/2"}],"replies":[{"embeddable":true,"href":"https:\/\/tsg-reiskirchen.de\/index.php?rest_route=%2Fwp%2Fv2%2Fcomments&post=1773"}],"version-history":[{"count":3,"href":"https:\/\/tsg-reiskirchen.de\/index.php?rest_route=\/wp\/v2\/posts\/1773\/revisions"}],"predecessor-version":[{"id":1783,"href":"https:\/\/tsg-reiskirchen.de\/index.php?rest_route=\/wp\/v2\/posts\/1773\/revisions\/1783"}],"wp:featuredmedia":[{"embeddable":true,"href":"https:\/\/tsg-reiskirchen.de\/index.php?rest_route=\/wp\/v2\/media\/1784"}],"wp:attachment":[{"href":"https:\/\/tsg-reiskirchen.de\/index.php?rest_route=%2Fwp%2Fv2%2Fmedia&parent=1773"}],"wp:term":[{"taxonomy":"category","embeddable":true,"href":"https:\/\/tsg-reiskirchen.de\/index.php?rest_route=%2Fwp%2Fv2%2Fcategories&post=1773"},{"taxonomy":"post_tag","embeddable":true,"href":"https:\/\/tsg-reiskirchen.de\/index.php?rest_route=%2Fwp%2Fv2%2Ftags&post=1773"}],"curies":[{"name":"wp","href":"https:\/\/api.w.org\/{rel}","templated":true}]}}