{"id":2761,"date":"2020-08-24T04:59:10","date_gmt":"2020-08-24T04:59:10","guid":{"rendered":"http:\/\/tsg-reiskirchen.de\/?p=2761"},"modified":"2021-01-23T16:56:00","modified_gmt":"2021-01-23T16:56:00","slug":"eltern-kind-turnen-und-kinderturnen-fuer-4-bis-6-jaehrige-weiterhin-ausgesetzt","status":"publish","type":"post","link":"https:\/\/tsg-reiskirchen.de\/?p=2761","title":{"rendered":"Eltern-Kind-Turnen und Kinderturnen f\u00fcr 4- bis 6-J\u00e4hrige weiterhin ausgesetzt"},"content":{"rendered":"<p><strong>Liebe Turnkinder, <\/strong><strong>liebe Eltern,<\/strong><\/p>\n<p>ihr wartet bestimmt schon gespannt darauf, dass das Kinderturnen wieder startet.<\/p>\n<p>Leider m\u00fcssen wir den Start noch ein bisschen verschieben. \u2639<\/p>\n<p>Wir, die \u00dcbungsleiter und \u00dcbungsleiterinnen der Kindergruppen, werden es<\/p>\n<ol>\n<li>von der aktuellen Corona-Situation und<\/li>\n<li>von den Erfahrungen mit den Schulkindern, deren Sportgruppe im September startet,<\/li>\n<\/ol>\n<p>abh\u00e4ngig machen, wann und unter welchen Voraussetzungen das Kinderturnen wieder startet.<\/p>\n<p>Wir hoffen das Kinderturnen der 4- bis 6-J\u00e4hrigen und das Eltern-Kind-Turnen nach den Herbstferien wieder anbieten zu k\u00f6nnen. Grund sind die doch immer noch strengen Hygiene-Regeln. Gerade beim Eltern-Kind-Turnen sehen wir gro\u00dfe Schwierigkeiten diese einzuhalten. Ein weiterer Grund ist auch, dass wir die Kinder der mindestens zwei Kitas aus Reiskirchen miteinander vermischen. Bei einem Corona-Fall w\u00e4ren dann im schlimmsten Fall beide Kitas geschlossen.<\/p>\n<p>Wir denken, dass es euch Eltern bestimmt wichtiger ist, dass die Kinder in die Kita gehen k\u00f6nnen und nicht die Betreuung w\u00e4hrend eurer Arbeitszeit organisieren zu m\u00fcssen.<\/p>\n<p>Nat\u00fcrlich ist das sehr schade \u2013 keine Frage. Aber wir hoffen, und ganz besonders Kathrin, die euch sehr vermisst, bei dieser Entscheidung auf euer Verst\u00e4ndnis.<\/p>\n<p>&nbsp;<\/p>\n<p>Es gr\u00fc\u00dfen euch<\/p>\n<p>die \u00dcbungsleiter und \u00dcbungsleiterinnen der Abteilung Turnen und Leichtathletik<\/p>\n<p>Sie w\u00fcnschen euch viel Spa\u00df in der Kita und <strong>BLEIBT GESUND!<\/strong><\/p>\n","protected":false},"excerpt":{"rendered":"<p>Liebe Turnkinder, liebe Eltern, ihr wartet bestimmt schon gespannt darauf, dass das Kinderturnen wieder startet. Leider m\u00fcssen wir den Start noch ein bisschen verschieben. \u2639 Wir, die \u00dcbungsleiter und \u00dcbungsleiterinnen der Kindergruppen, werden es von der aktuellen Corona-Situation und von den Erfahrungen mit den Schulkindern, deren Sportgruppe im September startet, abh\u00e4ngig machen, wann und unter [&hellip;]<\/p>\n","protected":false},"author":2,"featured_media":1115,"comment_status":"closed","ping_status":"open","sticky":false,"template":"","format":"standard","meta":{"footnotes":""},"categories":[14,33],"tags":[],"class_list":["post-2761","post","type-post","status-publish","format-standard","has-post-thumbnail","hentry","category-news","category-turnen-leichtathletik"],"_links":{"self":[{"href":"https:\/\/tsg-reiskirchen.de\/index.php?rest_route=\/wp\/v2\/posts\/2761","targetHints":{"allow":["GET"]}}],"collection":[{"href":"https:\/\/tsg-reiskirchen.de\/index.php?rest_route=\/wp\/v2\/posts"}],"about":[{"href":"https:\/\/tsg-reiskirchen.de\/index.php?rest_route=\/wp\/v2\/types\/post"}],"author":[{"embeddable":true,"href":"https:\/\/tsg-reiskirchen.de\/index.php?rest_route=\/wp\/v2\/users\/2"}],"replies":[{"embeddable":true,"href":"https:\/\/tsg-reiskirchen.de\/index.php?rest_route=%2Fwp%2Fv2%2Fcomments&post=2761"}],"version-history":[{"count":3,"href":"https:\/\/tsg-reiskirchen.de\/index.php?rest_route=\/wp\/v2\/posts\/2761\/revisions"}],"predecessor-version":[{"id":2764,"href":"https:\/\/tsg-reiskirchen.de\/index.php?rest_route=\/wp\/v2\/posts\/2761\/revisions\/2764"}],"wp:featuredmedia":[{"embeddable":true,"href":"https:\/\/tsg-reiskirchen.de\/index.php?rest_route=\/wp\/v2\/media\/1115"}],"wp:attachment":[{"href":"https:\/\/tsg-reiskirchen.de\/index.php?rest_route=%2Fwp%2Fv2%2Fmedia&parent=2761"}],"wp:term":[{"taxonomy":"category","embeddable":true,"href":"https:\/\/tsg-reiskirchen.de\/index.php?rest_route=%2Fwp%2Fv2%2Fcategories&post=2761"},{"taxonomy":"post_tag","embeddable":true,"href":"https:\/\/tsg-reiskirchen.de\/index.php?rest_route=%2Fwp%2Fv2%2Ftags&post=2761"}],"curies":[{"name":"wp","href":"https:\/\/api.w.org\/{rel}","templated":true}]}}