{"id":3377,"date":"2021-10-05T07:36:44","date_gmt":"2021-10-05T07:36:44","guid":{"rendered":"http:\/\/tsg-reiskirchen.de\/?p=3377"},"modified":"2021-10-05T07:39:26","modified_gmt":"2021-10-05T07:39:26","slug":"einladung-zur-jahreshauptversammlung","status":"publish","type":"post","link":"https:\/\/tsg-reiskirchen.de\/?p=3377","title":{"rendered":"Einladung zur Jahreshauptversammlung"},"content":{"rendered":"<section  class='av_textblock_section av-kudrbt93-a7a35f095a74944fb922497056050cdc '   itemscope=\"itemscope\" itemtype=\"https:\/\/schema.org\/BlogPosting\" itemprop=\"blogPost\" ><div class='avia_textblock'  itemprop=\"text\" ><h1>Einladung zur Jahreshauptversammlung 2021 der TSG Reiskirchen 1908 e.V.<\/h1>\n<p>Wir laden alle Mitglieder zur Jahreshauptversammlung in das Sportheim am<br \/>\nSonntag, den 7. November 2021 um 10:30 Uhr, recht herzlich ein.<br \/>\nF\u00fcr die Teilnahme gelten die 2-G-Regeln (geimpft oder genesen).<\/p>\n\n<style type=\"text\/css\" data-created_by=\"avia_inline_auto\" id=\"style-css-av-av_hr-cc88effc45839a709066c68716a550f9\">\n#top .hr.hr-invisible.av-av_hr-cc88effc45839a709066c68716a550f9{\nheight:20px;\n}\n<\/style>\n<div  class='hr av-av_hr-cc88effc45839a709066c68716a550f9 hr-invisible  avia-builder-el-1  el_before_av_hr  avia-builder-el-first '><span class='hr-inner '><span class=\"hr-inner-style\"><\/span><\/span><\/div>\n<p>Tagesordnung:<\/p>\n<ol>\n<li>Begr\u00fc\u00dfung, Feststellung der Tagesordnung<\/li>\n<li>Totenehrung<\/li>\n<li>Ehrung langj\u00e4hriger Mitglieder<\/li>\n<li>Vereinsberichte:<br \/>\na. Vorstand<br \/>\nb. Abteilungsleiter<br \/>\nc. Bericht der Kassenpr\u00fcfer<\/li>\n<li>Aussprache Berichte<\/li>\n<li>Entlastungsantrag<\/li>\n<li>Wahl des Versammlungsleiters<\/li>\n<li>Wahlen:<br \/>\na. Vorsitzender Verwaltung<br \/>\nb. Vorsitzender Sport<br \/>\nc. Vorsitzender Finanzen<br \/>\nd. Schriftf\u00fchrer<br \/>\ne. Jugendwart<br \/>\nf. Nachwahl eines Kassenpr\u00fcfers<br \/>\ng. Wahl des Ehrenrates<\/li>\n<li>Antr\u00e4ge (m\u00fcssen in schriftlicher Form bis zum 25.10.2021 an die Schriftf\u00fchrerin gestellt werden)<\/li>\n<li>Verschiedenes<\/li>\n<\/ol>\n<p><strong>\n<style type=\"text\/css\" data-created_by=\"avia_inline_auto\" id=\"style-css-av-av_hr-cc88effc45839a709066c68716a550f9\">\n#top .hr.hr-invisible.av-av_hr-cc88effc45839a709066c68716a550f9{\nheight:20px;\n}\n<\/style>\n<div  class='hr av-av_hr-cc88effc45839a709066c68716a550f9 hr-invisible  avia-builder-el-2  el_after_av_hr  el_before_av_hr '><span class='hr-inner '><span class=\"hr-inner-style\"><\/span><\/span><\/div>Der Vorstand\n<style type=\"text\/css\" data-created_by=\"avia_inline_auto\" id=\"style-css-av-av_hr-cc88effc45839a709066c68716a550f9\">\n#top .hr.hr-invisible.av-av_hr-cc88effc45839a709066c68716a550f9{\nheight:20px;\n}\n<\/style>\n<div  class='hr av-av_hr-cc88effc45839a709066c68716a550f9 hr-invisible  avia-builder-el-3  el_after_av_hr  el_before_av_hr '><span class='hr-inner '><span class=\"hr-inner-style\"><\/span><\/span><\/div><\/strong><\/p>\n<p>Durch die Teilnahme an dieser Veranstaltung bekunden Sie Ihr Interesse am Vereinsgeschehen und w\u00fcrdigen die ehrenamtliche Arbeit der Vorstandsmitglieder!\n<style type=\"text\/css\" data-created_by=\"avia_inline_auto\" id=\"style-css-av-av_hr-27dbca2fc452772c46f341203d303a56\">\n#top .hr.hr-invisible.av-av_hr-27dbca2fc452772c46f341203d303a56{\nheight:10px;\n}\n<\/style>\n<div  class='hr av-av_hr-27dbca2fc452772c46f341203d303a56 hr-invisible  avia-builder-el-4  el_after_av_hr  el_before_av_font_icon '><span class='hr-inner '><span class=\"hr-inner-style\"><\/span><\/span><\/div><br \/>\n\n<style type=\"text\/css\" data-created_by=\"avia_inline_auto\" id=\"style-css-av-9405t-4894626a7ca7eef0af605fb5e61c99c5\">\n.av_font_icon.av-9405t-4894626a7ca7eef0af605fb5e61c99c5 .av-icon-char{\nfont-size:20px;\nline-height:20px;\n}\n<\/style>\n<span  class='av_font_icon av-9405t-4894626a7ca7eef0af605fb5e61c99c5 avia_animate_when_visible av-icon-style- avia-icon-pos-left avia-iconfont avia-font-entypo-fontello av-no-color avia-icon-animate'><a href='http:\/\/tsg-reiskirchen.de\/wp-content\/uploads\/2021\/10\/Einladung-Jahreshauptversammlung-2021.doc'   class='av-icon-char' data-av_icon='\ue82d' data-av_iconfont='entypo-fontello' aria-hidden=\"false\" ><\/a><\/span> <a href=\"http:\/\/tsg-reiskirchen.de\/wp-content\/uploads\/2021\/10\/Einladung-Jahreshauptversammlung-2021.doc\">Einladung zur Jahreshauptversammlung 2021 der TSG Reiskirchen 1908 e.V.<\/a><\/p>\n<\/div><\/section>\n","protected":false},"excerpt":{"rendered":"","protected":false},"author":2,"featured_media":1115,"comment_status":"closed","ping_status":"open","sticky":false,"template":"","format":"standard","meta":{"footnotes":""},"categories":[32,35,14,34,33],"tags":[],"class_list":["post-3377","post","type-post","status-publish","format-standard","has-post-thumbnail","hentry","category-fussball","category-handball","category-news","category-tischtennis","category-turnen-leichtathletik"],"_links":{"self":[{"href":"https:\/\/tsg-reiskirchen.de\/index.php?rest_route=\/wp\/v2\/posts\/3377","targetHints":{"allow":["GET"]}}],"collection":[{"href":"https:\/\/tsg-reiskirchen.de\/index.php?rest_route=\/wp\/v2\/posts"}],"about":[{"href":"https:\/\/tsg-reiskirchen.de\/index.php?rest_route=\/wp\/v2\/types\/post"}],"author":[{"embeddable":true,"href":"https:\/\/tsg-reiskirchen.de\/index.php?rest_route=\/wp\/v2\/users\/2"}],"replies":[{"embeddable":true,"href":"https:\/\/tsg-reiskirchen.de\/index.php?rest_route=%2Fwp%2Fv2%2Fcomments&post=3377"}],"version-history":[{"count":9,"href":"https:\/\/tsg-reiskirchen.de\/index.php?rest_route=\/wp\/v2\/posts\/3377\/revisions"}],"predecessor-version":[{"id":3384,"href":"https:\/\/tsg-reiskirchen.de\/index.php?rest_route=\/wp\/v2\/posts\/3377\/revisions\/3384"}],"wp:featuredmedia":[{"embeddable":true,"href":"https:\/\/tsg-reiskirchen.de\/index.php?rest_route=\/wp\/v2\/media\/1115"}],"wp:attachment":[{"href":"https:\/\/tsg-reiskirchen.de\/index.php?rest_route=%2Fwp%2Fv2%2Fmedia&parent=3377"}],"wp:term":[{"taxonomy":"category","embeddable":true,"href":"https:\/\/tsg-reiskirchen.de\/index.php?rest_route=%2Fwp%2Fv2%2Fcategories&post=3377"},{"taxonomy":"post_tag","embeddable":true,"href":"https:\/\/tsg-reiskirchen.de\/index.php?rest_route=%2Fwp%2Fv2%2Ftags&post=3377"}],"curies":[{"name":"wp","href":"https:\/\/api.w.org\/{rel}","templated":true}]}}