{"id":4234,"date":"2022-08-22T09:59:39","date_gmt":"2022-08-22T09:59:39","guid":{"rendered":"http:\/\/tsg-reiskirchen.de\/?p=4234"},"modified":"2022-08-22T09:59:39","modified_gmt":"2022-08-22T09:59:39","slug":"auf-dem-sportplatz-den-insekten-auf-die-spur-gekommen","status":"publish","type":"post","link":"https:\/\/tsg-reiskirchen.de\/?p=4234","title":{"rendered":"Auf dem Sportplatz den Insekten auf die Spur gekommen"},"content":{"rendered":"<section  class='av_textblock_section av-l74l6fzi-5c82ccad5bee6a26afc0b89783459fb3 '   itemscope=\"itemscope\" itemtype=\"https:\/\/schema.org\/BlogPosting\" itemprop=\"blogPost\" ><div class='avia_textblock'  itemprop=\"text\" ><h2>TSG Reiskirchen nimmt mit Reiskirchens Ferienspielkindern am NABU-Insektensommer teil<\/h2>\n<p>Im Rahmen der <strong>Reiskirchener Ferienspiele Teil II<\/strong> hat die TSG Reiskirchen einen spannenden Aktions-Nachmittag zum Thema Insekten angeboten. Dabei haben die Kinder unter Anleitung von Sarah Steinemann eine Stunde lang Insekten auf dem Gel\u00e4nde des neuen Sportplatzes \u201eRebstatt\u201c bestimmt und die einzelnen Tiere gez\u00e4hlt. Die Ergebnisse wurden beim <strong>NABU-Insektensommer<\/strong> eingereicht. Der Naturschutzbund kann diese bundesweit gesammelten Daten in Hinblick auf Artenvielfalt und Entwicklung der Insektenbest\u00e4nde analysieren.<\/p>\n<p>Los ging es mit einem kleinen Rundgang \u00fcber das Sportgel\u00e4nde. Beim Bestaunen des Insektenhotels, Bl\u00fchstreifens und der \u201ewilden Ecken\u201c, wurde besprochen wie es den Insekten heute geht und warum sie eigentlich so wichtig f\u00fcr uns Menschen sind. Anhand vieler Beispiele aus ihrem eigenen Leben, konnten die Kinder anschaulich die Wichtigkeit der kleinen Tiere hervorheben:<\/p>\n<blockquote>\n<p>&#8222;Meine Oma braucht Insekten, damit das Gem\u00fcse im Garten wachsen kann. Die bringen die Pollen zu den Pflanzen.&#8220;<\/p>\n<\/blockquote>\n<p>So berichtete eine Teilnehmerin. Ohne Insekten w\u00fcrde das \u00d6kosystem zusammenbrechen: Sie sind Nahrung f\u00fcr andere Tiere, wichtige Best\u00e4uber und halten den Boden fruchtbar.<br \/>\nNach dieser kleinen Einf\u00fchrung ging es auf Tuchf\u00fchlung mit den kleinen Brummern. Anhand einer Auswahl von Pr\u00e4paraten toter Insekten, \u00fcbten die Kinder das Bestimmen der Art. Sie konnten sich mit Lupen, die die Firma Optik Weis aus Gro\u00dfen Buseck zur Verf\u00fcgung gestellt hatte, die Tiere ganz genau ansehen. Einige Kinder trauten sich sogar eine Hummel zu streicheln oder einer Libelle direkt in die Augen zu sehen. Highlight war sicherlich das Geweih eines Hirschk\u00e4fers, das man nicht mehr aller Tage zu sehen bekommt. Anhand von lebenden Exemplaren des Mehlk\u00e4fers in seinen verschiedenen Entwicklungsstadien und der Raupe eines Weinschw\u00e4rmers, lernten sie was Metamorphose ist, wie Insekten heranwachsen und dabei ihr Erscheinungsbild \u00e4ndern.<\/p>\n<\/div><\/section>\n\n<style type=\"text\/css\" data-created_by=\"avia_inline_auto\" id=\"style-css-av-l74kuitm-c4ae3ee87744eb940dd645b6506bbaed\">\n#top .avia-gallery.av-l74kuitm-c4ae3ee87744eb940dd645b6506bbaed .avia-gallery-thumb a{\nwidth:50%;\n}\n<\/style>\n<div  class='avia-gallery av-l74kuitm-c4ae3ee87744eb940dd645b6506bbaed avia_animate_when_visible  avia-builder-el-1  el_after_av_textblock  el_before_av_textblock  avia_lazyload avia-gallery-animate avia-gallery-1'  itemprop=\"image\" itemscope=\"itemscope\" itemtype=\"https:\/\/schema.org\/ImageObject\" ><meta itemprop=\"contentURL\" content=\"https:\/\/tsg-reiskirchen.de\/?p=4234\"><div class='avia-gallery-thumb'><a href=\"https:\/\/tsg-reiskirchen.de\/wp-content\/uploads\/2022\/08\/Weinschwaermer1-773x1030.png\" data-srcset=\"https:\/\/tsg-reiskirchen.de\/wp-content\/uploads\/2022\/08\/Weinschwaermer1-773x1030.png 773w, https:\/\/tsg-reiskirchen.de\/wp-content\/uploads\/2022\/08\/Weinschwaermer1-225x300.png 225w, https:\/\/tsg-reiskirchen.de\/wp-content\/uploads\/2022\/08\/Weinschwaermer1-768x1024.png 768w, https:\/\/tsg-reiskirchen.de\/wp-content\/uploads\/2022\/08\/Weinschwaermer1-1152x1536.png 1152w, https:\/\/tsg-reiskirchen.de\/wp-content\/uploads\/2022\/08\/Weinschwaermer1-1536x2048.png 1536w, https:\/\/tsg-reiskirchen.de\/wp-content\/uploads\/2022\/08\/Weinschwaermer1-1125x1500.png 1125w, https:\/\/tsg-reiskirchen.de\/wp-content\/uploads\/2022\/08\/Weinschwaermer1-529x705.png 529w, https:\/\/tsg-reiskirchen.de\/wp-content\/uploads\/2022\/08\/Weinschwaermer1-450x600.png 450w\" data-sizes=\"(max-width: 773px) 100vw, 773px\" data-rel='gallery-1' data-prev-img='https:\/\/tsg-reiskirchen.de\/wp-content\/uploads\/2022\/08\/Weinschwaermer1-1125x1500.png' class='first_thumb lightbox ' data-onclick='1' title='Raupe des Weinschw\u00e4rmers'  itemprop=\"thumbnailUrl\"  ><img decoding=\"async\" fetchpriority=\"high\" class=\"wp-image-4235 avia-img-lazy-loading-not-4235\"  data-avia-tooltip='Raupe des Weinschw\u00e4rmers' src=\"https:\/\/tsg-reiskirchen.de\/wp-content\/uploads\/2022\/08\/Weinschwaermer1-1125x1500.png\" width=\"1125\" height=\"1500\"  title='Weinschw\u00e4rmer1' alt='' srcset=\"https:\/\/tsg-reiskirchen.de\/wp-content\/uploads\/2022\/08\/Weinschwaermer1-1125x1500.png 1125w, https:\/\/tsg-reiskirchen.de\/wp-content\/uploads\/2022\/08\/Weinschwaermer1-225x300.png 225w, https:\/\/tsg-reiskirchen.de\/wp-content\/uploads\/2022\/08\/Weinschwaermer1-773x1030.png 773w, https:\/\/tsg-reiskirchen.de\/wp-content\/uploads\/2022\/08\/Weinschwaermer1-768x1024.png 768w, https:\/\/tsg-reiskirchen.de\/wp-content\/uploads\/2022\/08\/Weinschwaermer1-1152x1536.png 1152w, https:\/\/tsg-reiskirchen.de\/wp-content\/uploads\/2022\/08\/Weinschwaermer1-1536x2048.png 1536w, https:\/\/tsg-reiskirchen.de\/wp-content\/uploads\/2022\/08\/Weinschwaermer1-529x705.png 529w, https:\/\/tsg-reiskirchen.de\/wp-content\/uploads\/2022\/08\/Weinschwaermer1-450x600.png 450w\" sizes=\"(max-width: 1125px) 100vw, 1125px\" \/><div class='big-prev-fake'><img decoding=\"async\" loading=\"lazy\" class=\"wp-image-4235 avia-img-lazy-loading-4235\"  width=\"1125\" height=\"1500\" src=\"https:\/\/tsg-reiskirchen.de\/wp-content\/uploads\/2022\/08\/Weinschwaermer1-1125x1500.png\" title='Weinschw\u00e4rmer1' alt='' srcset=\"https:\/\/tsg-reiskirchen.de\/wp-content\/uploads\/2022\/08\/Weinschwaermer1-1125x1500.png 1125w, https:\/\/tsg-reiskirchen.de\/wp-content\/uploads\/2022\/08\/Weinschwaermer1-225x300.png 225w, https:\/\/tsg-reiskirchen.de\/wp-content\/uploads\/2022\/08\/Weinschwaermer1-773x1030.png 773w, https:\/\/tsg-reiskirchen.de\/wp-content\/uploads\/2022\/08\/Weinschwaermer1-768x1024.png 768w, https:\/\/tsg-reiskirchen.de\/wp-content\/uploads\/2022\/08\/Weinschwaermer1-1152x1536.png 1152w, https:\/\/tsg-reiskirchen.de\/wp-content\/uploads\/2022\/08\/Weinschwaermer1-1536x2048.png 1536w, https:\/\/tsg-reiskirchen.de\/wp-content\/uploads\/2022\/08\/Weinschwaermer1-529x705.png 529w, https:\/\/tsg-reiskirchen.de\/wp-content\/uploads\/2022\/08\/Weinschwaermer1-450x600.png 450w\" sizes=\"auto, (max-width: 1125px) 100vw, 1125px\" \/><\/div><\/a><a href=\"https:\/\/tsg-reiskirchen.de\/wp-content\/uploads\/2022\/08\/Insektenpraeparate-773x1030.png\" data-srcset=\"https:\/\/tsg-reiskirchen.de\/wp-content\/uploads\/2022\/08\/Insektenpraeparate-773x1030.png 773w, https:\/\/tsg-reiskirchen.de\/wp-content\/uploads\/2022\/08\/Insektenpraeparate-225x300.png 225w, https:\/\/tsg-reiskirchen.de\/wp-content\/uploads\/2022\/08\/Insektenpraeparate-768x1024.png 768w, https:\/\/tsg-reiskirchen.de\/wp-content\/uploads\/2022\/08\/Insektenpraeparate-1152x1536.png 1152w, https:\/\/tsg-reiskirchen.de\/wp-content\/uploads\/2022\/08\/Insektenpraeparate-1536x2048.png 1536w, https:\/\/tsg-reiskirchen.de\/wp-content\/uploads\/2022\/08\/Insektenpraeparate-1125x1500.png 1125w, https:\/\/tsg-reiskirchen.de\/wp-content\/uploads\/2022\/08\/Insektenpraeparate-529x705.png 529w, https:\/\/tsg-reiskirchen.de\/wp-content\/uploads\/2022\/08\/Insektenpraeparate-450x600.png 450w\" data-sizes=\"(max-width: 773px) 100vw, 773px\" data-rel='gallery-1' data-prev-img='https:\/\/tsg-reiskirchen.de\/wp-content\/uploads\/2022\/08\/Insektenpraeparate-1125x1500.png' class='lightbox ' data-onclick='2' title='Insektenpr\u00e4parate'  itemprop=\"thumbnailUrl\"  ><img decoding=\"async\" fetchpriority=\"high\" class=\"wp-image-4233 avia-img-lazy-loading-not-4233\"  data-avia-tooltip='Insektenpr\u00e4parate' src=\"https:\/\/tsg-reiskirchen.de\/wp-content\/uploads\/2022\/08\/Insektenpraeparate-1125x1500.png\" width=\"1125\" height=\"1500\"  title='Insektenpr\u00e4parate' alt='' srcset=\"https:\/\/tsg-reiskirchen.de\/wp-content\/uploads\/2022\/08\/Insektenpraeparate-1125x1500.png 1125w, https:\/\/tsg-reiskirchen.de\/wp-content\/uploads\/2022\/08\/Insektenpraeparate-225x300.png 225w, https:\/\/tsg-reiskirchen.de\/wp-content\/uploads\/2022\/08\/Insektenpraeparate-773x1030.png 773w, https:\/\/tsg-reiskirchen.de\/wp-content\/uploads\/2022\/08\/Insektenpraeparate-768x1024.png 768w, https:\/\/tsg-reiskirchen.de\/wp-content\/uploads\/2022\/08\/Insektenpraeparate-1152x1536.png 1152w, https:\/\/tsg-reiskirchen.de\/wp-content\/uploads\/2022\/08\/Insektenpraeparate-1536x2048.png 1536w, https:\/\/tsg-reiskirchen.de\/wp-content\/uploads\/2022\/08\/Insektenpraeparate-529x705.png 529w, https:\/\/tsg-reiskirchen.de\/wp-content\/uploads\/2022\/08\/Insektenpraeparate-450x600.png 450w\" sizes=\"(max-width: 1125px) 100vw, 1125px\" \/><div class='big-prev-fake'><img decoding=\"async\" loading=\"lazy\" class=\"wp-image-4233 avia-img-lazy-loading-4233\"  width=\"1125\" height=\"1500\" src=\"https:\/\/tsg-reiskirchen.de\/wp-content\/uploads\/2022\/08\/Insektenpraeparate-1125x1500.png\" title='Insektenpr\u00e4parate' alt='' srcset=\"https:\/\/tsg-reiskirchen.de\/wp-content\/uploads\/2022\/08\/Insektenpraeparate-1125x1500.png 1125w, https:\/\/tsg-reiskirchen.de\/wp-content\/uploads\/2022\/08\/Insektenpraeparate-225x300.png 225w, https:\/\/tsg-reiskirchen.de\/wp-content\/uploads\/2022\/08\/Insektenpraeparate-773x1030.png 773w, https:\/\/tsg-reiskirchen.de\/wp-content\/uploads\/2022\/08\/Insektenpraeparate-768x1024.png 768w, https:\/\/tsg-reiskirchen.de\/wp-content\/uploads\/2022\/08\/Insektenpraeparate-1152x1536.png 1152w, https:\/\/tsg-reiskirchen.de\/wp-content\/uploads\/2022\/08\/Insektenpraeparate-1536x2048.png 1536w, https:\/\/tsg-reiskirchen.de\/wp-content\/uploads\/2022\/08\/Insektenpraeparate-529x705.png 529w, https:\/\/tsg-reiskirchen.de\/wp-content\/uploads\/2022\/08\/Insektenpraeparate-450x600.png 450w\" sizes=\"auto, (max-width: 1125px) 100vw, 1125px\" \/><\/div><\/a><\/div><\/div>\n<section  class='av_textblock_section av-av_textblock-445188a952fb265869ea404d0e52fad7 '   itemscope=\"itemscope\" itemtype=\"https:\/\/schema.org\/BlogPosting\" itemprop=\"blogPost\" ><div class='avia_textblock'  itemprop=\"text\" ><p>Das gewonnene Wissen konnten die Teilnehmerinnen und Teilnehmer dann gleich in die Praxis umsetzen. Es ging bei Sonnenschein raus auf den Sportplatz in die entlegensten Ecken, ins hohe Gras, auf magere Wiesen, um Insekten zu finden. Am h\u00e4ufigsten entdeckten sie Heuschrecken und Wanzen. Imposant waren die Sumpfschrecken. Bis zu drei Zentimeter K\u00f6rperl\u00e4nge, in hellem Gr\u00fcn gekleidet, wurden sie vorsichtig in einem Glas eingefangen und unter die Lupe genommen. Selbst kleine Dickmaulr\u00fcssler-K\u00e4fer konnten so betrachtet werden. Nat\u00fcrlich wurden alle Tiere danach wieder in die Freiheit entlassen. Wegen des stetigen Windes, waren leider weniger Fluginsekten unterwegs als gew\u00f6hnlich. Trotzdem haben die Kinder Marienk\u00e4fer, Hummeln, Bienen, Zitronenfalter und Kohlwei\u00dflinge gesichtet. Nat\u00fcrlich war auch ein unter Naturschutz stehender Bl\u00e4uling dabei. Der war \u00fcbrigens Grund f\u00fcr Verz\u00f6gerungen beim Bau des Sportplatzes. Er musste n\u00e4mlich erst umgesiedelt werden, bevor die Bagger anr\u00fccken konnten.<br \/>\nEine Stunde Exkursionszeit verging wie im Hummel-Flug. Zur\u00fcck in der Operationsbasis im Sportheim erwartete die Kinder ein frischer Obst-Snack. Gemeinsam \u00fcberlegten sie, wie man den Insekten denn helfen k\u00f6nne, weil sie in ihrer Anzahl als auch Artenvielfalt weniger werden. Man kann Bl\u00fchstreifen anlegen, heimische Pflanzen bevorzugen und auf den Einsatz von Giftstoffen beim G\u00e4rtnern verzichten. Man kann Lebensr\u00e4ume schaffe, indem man wilde Ecken im Garten stehen l\u00e4sst oder ein Insektenhotel aufh\u00e4ngt. Auch eine Wassertr\u00e4nke hilft den Insekten, aber auch den anderen Tieren.<\/p>\n<p>Damit die Kinder zuhause weiter in der Insektenwelt forschen k\u00f6nnen, haben sie eine eigens f\u00fcr diese Aktion angefertigte Mappe geschenkt bekommen, in der die wichtigsten Informationen des Tages zusammengefasst sind. Daneben gab es als Dankesch\u00f6n eine Samenmischung f\u00fcr einen Bl\u00fchstreifen und eine L\u00f6wenm\u00e4ulchen-Pflanze. Alle Teilnehmerinnen und Teilnehmer wurden mit einer Urkunde geehrt.<\/p>\n<p>Seit einigen Jahren hat Reiskirchens gr\u00f6\u00dfter Sportverein, die TSG Reiskirchen, verst\u00e4rkt \u00f6kologische Themen im Blick. So ist mit der Installation einer Photovoltaikanlage nebst Elektroauto-Ladestation das n\u00e4chste Bauvorhaben in Planung. Aber auch die kleinen Dinge im Sportplatz-Alltag haben eine gro\u00dfe Wirkung. Statt Unkr\u00e4uter auf den Wegen mit Giften zu bek\u00e4mpfen, zupfen die Vereinsmitglieder noch selbst. Das von der Volksbank Mittelhessen gespendete Insektenhotel und der von Vereinsmitgliedern angelegte Bl\u00fchstreifen sind Insekten Lebensraum als auch Nahrungsquelle. In \u201ewilden Ecken\u201c werden Gr\u00e4ser gezielt stehen gelassen. Hier tummeln sich die Sechsbeiner, wie w\u00e4hrend der Insektensommer-Aktion festgestellt wurde. Doch auch andere Tierarten profitieren davon. So kreisen Flederm\u00e4use ab der Abendd\u00e4mmerung \u00fcber den Platz, V\u00f6gel nisten auf dem Vereinsgel\u00e4nde oder suchen dort nach Nahrung. Neben Amseln, Hausrotschw\u00e4nzchen sowie Spatzen, sieht man genauso h\u00e4ufig Bachstelzen oder Wei\u00dfst\u00f6rche. Letztere sitzen gerne auf den Flutlichtmasten. Dort oben lassen sie sich auch bei hitzigen Fu\u00dfballspielen nicht aus der Ruhe bringen. Da es dem gefiederten Gl\u00fccksbringer bei der TSG so gut gef\u00e4llt, wird demn\u00e4chst der Bau eines Storchenhorsts geplant.<\/p>\n<p>Umwelt und Nachhaltigkeit sind Themen, die in der gesamten Gesellschaft einen immer h\u00f6heren Stellenwert einnehmen. Deswegen sind es nicht zuletzt die Vereinsmitglieder, die nicht nur mehr \u201egr\u00fcne Projekte\u201c fordern, sondern bei der Umsetzung aktiv beteiligt sind. Ihrem Engagement ist es zu verdanken, dass sich die TSG Reiskirchen weiterentwickeln kann und damit auch ihren gesellschaftlichen Anforderungen gerecht wird.<\/p>\n<\/div><\/section>\n\n<style type=\"text\/css\" data-created_by=\"avia_inline_auto\" id=\"style-css-av-l74l0h3u-30db6045f676fd65486d24250eda8578\">\n.av-horizontal-gallery.av-l74l0h3u-30db6045f676fd65486d24250eda8578{\npadding:3.75% 0px;;\n}\n.av-horizontal-gallery.av-l74l0h3u-30db6045f676fd65486d24250eda8578 .av-horizontal-gallery-inner{\npadding-bottom:25%;\n}\n<\/style>\n<div  class='av-horizontal-gallery av-l74l0h3u-30db6045f676fd65486d24250eda8578 av-horizontal-gallery-large-gap av-horizontal-gallery-enlarge-effect  avia-builder-el-3  el_after_av_textblock  avia-builder-el-last  av-slideshow-ui av-control-default av-slideshow-manual av-loop-once av-loop-manual-endless av-horizontal-gallery-1' data-slideshow-data=\"{&quot;enlarge&quot;:1.3,&quot;animation&quot;:&quot;slide&quot;,&quot;autoplay&quot;:false,&quot;loop_autoplay&quot;:&quot;once&quot;,&quot;interval&quot;:5,&quot;loop_manual&quot;:&quot;manual-endless&quot;,&quot;autoplay_stopper&quot;:false,&quot;noNavigation&quot;:false,&quot;bg_slider&quot;:false,&quot;keep_padding&quot;:&quot;&quot;,&quot;hoverpause&quot;:false,&quot;show_slide_delay&quot;:0,&quot;initial&quot;:&quot;5&quot;}\"  itemprop=\"image\" itemscope=\"itemscope\" itemtype=\"https:\/\/schema.org\/ImageObject\" ><div class='avia-slideshow-arrows avia-slideshow-controls' ><a href='#prev' class='prev-slide av-horizontal-gallery-prev avia-svg-icon avia-font-svg_entypo-fontello' data-av_svg_icon='left-open-big' data-av_iconset='svg_entypo-fontello' tabindex='-1' title=\"Zur\u00fcck\"><svg version=\"1.1\" xmlns=\"http:\/\/www.w3.org\/2000\/svg\" width=\"15\" height=\"32\" viewBox=\"0 0 15 32\" preserveAspectRatio=\"xMidYMid meet\" aria-labelledby='av-svg-title-1' aria-describedby='av-svg-desc-1' role=\"graphics-symbol\" aria-hidden=\"true\">\n<title id='av-svg-title-1'>Zur\u00fcck<\/title>\n<desc id='av-svg-desc-1'>Zur\u00fcck<\/desc>\n<path d=\"M14.464 27.84q0.832 0.832 0 1.536-0.832 0.832-1.536 0l-12.544-12.608q-0.768-0.768 0-1.6l12.544-12.608q0.704-0.832 1.536 0 0.832 0.704 0 1.536l-11.456 11.904z\"><\/path>\n<\/svg><span class='avia_hidden_link_text'>Zur\u00fcck<\/span><\/a><a href='#next' class='next-slide av-horizontal-gallery-next avia-svg-icon avia-font-svg_entypo-fontello' data-av_svg_icon='right-open-big' data-av_iconset='svg_entypo-fontello' tabindex='-1' title=\"Weiter\"><svg version=\"1.1\" xmlns=\"http:\/\/www.w3.org\/2000\/svg\" width=\"15\" height=\"32\" viewBox=\"0 0 15 32\" preserveAspectRatio=\"xMidYMid meet\" aria-labelledby='av-svg-title-2' aria-describedby='av-svg-desc-2' role=\"graphics-symbol\" aria-hidden=\"true\">\n<title id='av-svg-title-2'>Weiter<\/title>\n<desc id='av-svg-desc-2'>Weiter<\/desc>\n<path d=\"M0.416 27.84l11.456-11.84-11.456-11.904q-0.832-0.832 0-1.536 0.832-0.832 1.536 0l12.544 12.608q0.768 0.832 0 1.6l-12.544 12.608q-0.704 0.832-1.536 0-0.832-0.704 0-1.536z\"><\/path>\n<\/svg><span class='avia_hidden_link_text'>Weiter<\/span><\/a><\/div><div class='avia-slideshow-dots avia-slideshow-controls av-horizontal-gallery-dots fade-in'><a href='#1' class='goto-slide active' >1<\/a><a href='#2' class='goto-slide ' >2<\/a><a href='#3' class='goto-slide ' >3<\/a><a href='#4' class='goto-slide ' >4<\/a><a href='#5' class='goto-slide ' >5<\/a><a href='#6' class='goto-slide ' >6<\/a><a href='#7' class='goto-slide ' >7<\/a><a href='#8' class='goto-slide ' >8<\/a><a href='#9' class='goto-slide ' >9<\/a><\/div><div class='av-horizontal-gallery-inner' data-av-height='25'><div class=\"av-horizontal-gallery-slider\"><div class=\"av-horizontal-gallery-wrap noHover\"><img decoding=\"async\" loading=\"lazy\" class='wp-image-4226 avia-img-lazy-loading-4226 av-horizontal-gallery-img' width=\"1030\" height=\"620\" src=\"https:\/\/tsg-reiskirchen.de\/wp-content\/uploads\/2022\/08\/6-Im-Team-bestimmte-Sarah-Steinemann-mit-den-Kleinen-die-Namen-der-Insekten-1030x620.jpg\" title='Im Team bestimmte Sarah Steinemann mit den Kleinen die Namen der Insekten (Foto: Emanuel Zylla)' alt='' srcset=\"https:\/\/tsg-reiskirchen.de\/wp-content\/uploads\/2022\/08\/6-Im-Team-bestimmte-Sarah-Steinemann-mit-den-Kleinen-die-Namen-der-Insekten-1030x620.jpg 1030w, https:\/\/tsg-reiskirchen.de\/wp-content\/uploads\/2022\/08\/6-Im-Team-bestimmte-Sarah-Steinemann-mit-den-Kleinen-die-Namen-der-Insekten-300x180.jpg 300w, https:\/\/tsg-reiskirchen.de\/wp-content\/uploads\/2022\/08\/6-Im-Team-bestimmte-Sarah-Steinemann-mit-den-Kleinen-die-Namen-der-Insekten-768x462.jpg 768w, https:\/\/tsg-reiskirchen.de\/wp-content\/uploads\/2022\/08\/6-Im-Team-bestimmte-Sarah-Steinemann-mit-den-Kleinen-die-Namen-der-Insekten-1536x924.jpg 1536w, https:\/\/tsg-reiskirchen.de\/wp-content\/uploads\/2022\/08\/6-Im-Team-bestimmte-Sarah-Steinemann-mit-den-Kleinen-die-Namen-der-Insekten-1500x902.jpg 1500w, https:\/\/tsg-reiskirchen.de\/wp-content\/uploads\/2022\/08\/6-Im-Team-bestimmte-Sarah-Steinemann-mit-den-Kleinen-die-Namen-der-Insekten-705x424.jpg 705w, https:\/\/tsg-reiskirchen.de\/wp-content\/uploads\/2022\/08\/6-Im-Team-bestimmte-Sarah-Steinemann-mit-den-Kleinen-die-Namen-der-Insekten-450x271.jpg 450w, https:\/\/tsg-reiskirchen.de\/wp-content\/uploads\/2022\/08\/6-Im-Team-bestimmte-Sarah-Steinemann-mit-den-Kleinen-die-Namen-der-Insekten.jpg 1920w\" sizes=\"auto, (max-width: 1030px) 100vw, 1030px\" \/><a href=\"https:\/\/tsg-reiskirchen.de\/wp-content\/uploads\/2022\/08\/6-Im-Team-bestimmte-Sarah-Steinemann-mit-den-Kleinen-die-Namen-der-Insekten-1030x620.jpg\" data-srcset=\"https:\/\/tsg-reiskirchen.de\/wp-content\/uploads\/2022\/08\/6-Im-Team-bestimmte-Sarah-Steinemann-mit-den-Kleinen-die-Namen-der-Insekten-1030x620.jpg 1030w, https:\/\/tsg-reiskirchen.de\/wp-content\/uploads\/2022\/08\/6-Im-Team-bestimmte-Sarah-Steinemann-mit-den-Kleinen-die-Namen-der-Insekten-300x180.jpg 300w, https:\/\/tsg-reiskirchen.de\/wp-content\/uploads\/2022\/08\/6-Im-Team-bestimmte-Sarah-Steinemann-mit-den-Kleinen-die-Namen-der-Insekten-768x462.jpg 768w, https:\/\/tsg-reiskirchen.de\/wp-content\/uploads\/2022\/08\/6-Im-Team-bestimmte-Sarah-Steinemann-mit-den-Kleinen-die-Namen-der-Insekten-1536x924.jpg 1536w, https:\/\/tsg-reiskirchen.de\/wp-content\/uploads\/2022\/08\/6-Im-Team-bestimmte-Sarah-Steinemann-mit-den-Kleinen-die-Namen-der-Insekten-1500x902.jpg 1500w, https:\/\/tsg-reiskirchen.de\/wp-content\/uploads\/2022\/08\/6-Im-Team-bestimmte-Sarah-Steinemann-mit-den-Kleinen-die-Namen-der-Insekten-705x424.jpg 705w, https:\/\/tsg-reiskirchen.de\/wp-content\/uploads\/2022\/08\/6-Im-Team-bestimmte-Sarah-Steinemann-mit-den-Kleinen-die-Namen-der-Insekten-450x271.jpg 450w, https:\/\/tsg-reiskirchen.de\/wp-content\/uploads\/2022\/08\/6-Im-Team-bestimmte-Sarah-Steinemann-mit-den-Kleinen-die-Namen-der-Insekten.jpg 1920w\" data-sizes=\"(max-width: 1030px) 100vw, 1030px\" class='av-horizontal-gallery-link avia-svg-icon avia-font-svg_entypo-fontello' data-av_svg_icon='resize-full' data-av_iconset='svg_entypo-fontello' title='Im Team bestimmte Sarah Steinemann mit den Kleinen die Namen der Insekten (Foto: Emanuel Zylla)' alt='' aria-label='Open image in lightbox: Im Team bestimmte Sarah Steinemann mit den Kleinen die Namen der Insekten (Foto: Emanuel Zylla)'><svg version=\"1.1\" xmlns=\"http:\/\/www.w3.org\/2000\/svg\" width=\"25\" height=\"32\" viewBox=\"0 0 25 32\" preserveAspectRatio=\"xMidYMid meet\" aria-labelledby='av-svg-title-3' aria-describedby='av-svg-desc-3' role=\"graphics-symbol\" aria-hidden=\"true\">\n<title id='av-svg-title-3'>Open image in lightbox: Im Team bestimmte Sarah Steinemann mit den Kleinen die Namen der Insekten (Foto: Emanuel Zylla)<\/title>\n<desc id='av-svg-desc-3'>Open image in lightbox: Im Team bestimmte Sarah Steinemann mit den Kleinen die Namen der Insekten (Foto: Emanuel Zylla)<\/desc>\n<path d=\"M15.232 3.328h10.112v10.112l-3.2-3.968-4.672 4.864-3.2-3.2 4.864-4.672zM7.872 17.536l3.2 3.2-4.864 4.672 3.904 3.2h-10.112v-10.112l3.2 3.904z\"><\/path>\n<\/svg><\/a><\/div><div class=\"av-horizontal-gallery-wrap noHover\"><img decoding=\"async\" loading=\"lazy\" class='wp-image-4224 avia-img-lazy-loading-4224 av-horizontal-gallery-img' width=\"1030\" height=\"687\" src=\"https:\/\/tsg-reiskirchen.de\/wp-content\/uploads\/2022\/08\/1-Ueber-sehr-grosse-Insekten-wie-diese-Heuschrecke-freuten-sich-die-Kids-besonders-1030x687.jpg\" title='\u00dcber sehr gro\u00dfe Insekten, wie diese Heuschrecke, freuten sich die Kids besonders (Foto: Emanuel Zylla)' alt='' srcset=\"https:\/\/tsg-reiskirchen.de\/wp-content\/uploads\/2022\/08\/1-Ueber-sehr-grosse-Insekten-wie-diese-Heuschrecke-freuten-sich-die-Kids-besonders-1030x687.jpg 1030w, https:\/\/tsg-reiskirchen.de\/wp-content\/uploads\/2022\/08\/1-Ueber-sehr-grosse-Insekten-wie-diese-Heuschrecke-freuten-sich-die-Kids-besonders-300x200.jpg 300w, https:\/\/tsg-reiskirchen.de\/wp-content\/uploads\/2022\/08\/1-Ueber-sehr-grosse-Insekten-wie-diese-Heuschrecke-freuten-sich-die-Kids-besonders-768x512.jpg 768w, https:\/\/tsg-reiskirchen.de\/wp-content\/uploads\/2022\/08\/1-Ueber-sehr-grosse-Insekten-wie-diese-Heuschrecke-freuten-sich-die-Kids-besonders-1536x1024.jpg 1536w, https:\/\/tsg-reiskirchen.de\/wp-content\/uploads\/2022\/08\/1-Ueber-sehr-grosse-Insekten-wie-diese-Heuschrecke-freuten-sich-die-Kids-besonders-1500x1000.jpg 1500w, https:\/\/tsg-reiskirchen.de\/wp-content\/uploads\/2022\/08\/1-Ueber-sehr-grosse-Insekten-wie-diese-Heuschrecke-freuten-sich-die-Kids-besonders-705x470.jpg 705w, https:\/\/tsg-reiskirchen.de\/wp-content\/uploads\/2022\/08\/1-Ueber-sehr-grosse-Insekten-wie-diese-Heuschrecke-freuten-sich-die-Kids-besonders-450x300.jpg 450w, https:\/\/tsg-reiskirchen.de\/wp-content\/uploads\/2022\/08\/1-Ueber-sehr-grosse-Insekten-wie-diese-Heuschrecke-freuten-sich-die-Kids-besonders.jpg 1920w\" sizes=\"auto, (max-width: 1030px) 100vw, 1030px\" \/><a href=\"https:\/\/tsg-reiskirchen.de\/wp-content\/uploads\/2022\/08\/1-Ueber-sehr-grosse-Insekten-wie-diese-Heuschrecke-freuten-sich-die-Kids-besonders-1030x687.jpg\" data-srcset=\"https:\/\/tsg-reiskirchen.de\/wp-content\/uploads\/2022\/08\/1-Ueber-sehr-grosse-Insekten-wie-diese-Heuschrecke-freuten-sich-die-Kids-besonders-1030x687.jpg 1030w, https:\/\/tsg-reiskirchen.de\/wp-content\/uploads\/2022\/08\/1-Ueber-sehr-grosse-Insekten-wie-diese-Heuschrecke-freuten-sich-die-Kids-besonders-300x200.jpg 300w, https:\/\/tsg-reiskirchen.de\/wp-content\/uploads\/2022\/08\/1-Ueber-sehr-grosse-Insekten-wie-diese-Heuschrecke-freuten-sich-die-Kids-besonders-768x512.jpg 768w, https:\/\/tsg-reiskirchen.de\/wp-content\/uploads\/2022\/08\/1-Ueber-sehr-grosse-Insekten-wie-diese-Heuschrecke-freuten-sich-die-Kids-besonders-1536x1024.jpg 1536w, https:\/\/tsg-reiskirchen.de\/wp-content\/uploads\/2022\/08\/1-Ueber-sehr-grosse-Insekten-wie-diese-Heuschrecke-freuten-sich-die-Kids-besonders-1500x1000.jpg 1500w, https:\/\/tsg-reiskirchen.de\/wp-content\/uploads\/2022\/08\/1-Ueber-sehr-grosse-Insekten-wie-diese-Heuschrecke-freuten-sich-die-Kids-besonders-705x470.jpg 705w, https:\/\/tsg-reiskirchen.de\/wp-content\/uploads\/2022\/08\/1-Ueber-sehr-grosse-Insekten-wie-diese-Heuschrecke-freuten-sich-die-Kids-besonders-450x300.jpg 450w, https:\/\/tsg-reiskirchen.de\/wp-content\/uploads\/2022\/08\/1-Ueber-sehr-grosse-Insekten-wie-diese-Heuschrecke-freuten-sich-die-Kids-besonders.jpg 1920w\" data-sizes=\"(max-width: 1030px) 100vw, 1030px\" class='av-horizontal-gallery-link avia-svg-icon avia-font-svg_entypo-fontello' data-av_svg_icon='resize-full' data-av_iconset='svg_entypo-fontello' title='\u00dcber sehr gro\u00dfe Insekten, wie diese Heuschrecke, freuten sich die Kids besonders (Foto: Emanuel Zylla)' alt='' aria-label='Open image in lightbox: \u00dcber sehr gro\u00dfe Insekten, wie diese Heuschrecke, freuten sich die Kids besonders (Foto: Emanuel Zylla)'><svg version=\"1.1\" xmlns=\"http:\/\/www.w3.org\/2000\/svg\" width=\"25\" height=\"32\" viewBox=\"0 0 25 32\" preserveAspectRatio=\"xMidYMid meet\" aria-labelledby='av-svg-title-4' aria-describedby='av-svg-desc-4' role=\"graphics-symbol\" aria-hidden=\"true\">\n<title id='av-svg-title-4'>Open image in lightbox: \u00dcber sehr gro\u00dfe Insekten, wie diese Heuschrecke, freuten sich die Kids besonders (Foto: Emanuel Zylla)<\/title>\n<desc id='av-svg-desc-4'>Open image in lightbox: \u00dcber sehr gro\u00dfe Insekten, wie diese Heuschrecke, freuten sich die Kids besonders (Foto: Emanuel Zylla)<\/desc>\n<path d=\"M15.232 3.328h10.112v10.112l-3.2-3.968-4.672 4.864-3.2-3.2 4.864-4.672zM7.872 17.536l3.2 3.2-4.864 4.672 3.904 3.2h-10.112v-10.112l3.2 3.904z\"><\/path>\n<\/svg><\/a><\/div><div class=\"av-horizontal-gallery-wrap noHover\"><img decoding=\"async\" loading=\"lazy\" class='wp-image-4232 avia-img-lazy-loading-4232 av-horizontal-gallery-img' width=\"1030\" height=\"687\" src=\"https:\/\/tsg-reiskirchen.de\/wp-content\/uploads\/2022\/08\/2-Ueber-sehr-grosse-Insekten-wie-diese-Heuschrecke-freuten-sich-die-Kids-besonders-1-1030x687.jpg\" title='\u00dcber sehr gro\u00dfe Insekten, wie diese Heuschrecke, freuten sich die Kids besonders (Foto: Emanuel Zylla)' alt='' srcset=\"https:\/\/tsg-reiskirchen.de\/wp-content\/uploads\/2022\/08\/2-Ueber-sehr-grosse-Insekten-wie-diese-Heuschrecke-freuten-sich-die-Kids-besonders-1-1030x687.jpg 1030w, https:\/\/tsg-reiskirchen.de\/wp-content\/uploads\/2022\/08\/2-Ueber-sehr-grosse-Insekten-wie-diese-Heuschrecke-freuten-sich-die-Kids-besonders-1-300x200.jpg 300w, https:\/\/tsg-reiskirchen.de\/wp-content\/uploads\/2022\/08\/2-Ueber-sehr-grosse-Insekten-wie-diese-Heuschrecke-freuten-sich-die-Kids-besonders-1-768x512.jpg 768w, https:\/\/tsg-reiskirchen.de\/wp-content\/uploads\/2022\/08\/2-Ueber-sehr-grosse-Insekten-wie-diese-Heuschrecke-freuten-sich-die-Kids-besonders-1-1536x1024.jpg 1536w, https:\/\/tsg-reiskirchen.de\/wp-content\/uploads\/2022\/08\/2-Ueber-sehr-grosse-Insekten-wie-diese-Heuschrecke-freuten-sich-die-Kids-besonders-1-1500x1000.jpg 1500w, https:\/\/tsg-reiskirchen.de\/wp-content\/uploads\/2022\/08\/2-Ueber-sehr-grosse-Insekten-wie-diese-Heuschrecke-freuten-sich-die-Kids-besonders-1-705x470.jpg 705w, https:\/\/tsg-reiskirchen.de\/wp-content\/uploads\/2022\/08\/2-Ueber-sehr-grosse-Insekten-wie-diese-Heuschrecke-freuten-sich-die-Kids-besonders-1-450x300.jpg 450w, https:\/\/tsg-reiskirchen.de\/wp-content\/uploads\/2022\/08\/2-Ueber-sehr-grosse-Insekten-wie-diese-Heuschrecke-freuten-sich-die-Kids-besonders-1.jpg 1920w\" sizes=\"auto, (max-width: 1030px) 100vw, 1030px\" \/><a href=\"https:\/\/tsg-reiskirchen.de\/wp-content\/uploads\/2022\/08\/2-Ueber-sehr-grosse-Insekten-wie-diese-Heuschrecke-freuten-sich-die-Kids-besonders-1-1030x687.jpg\" data-srcset=\"https:\/\/tsg-reiskirchen.de\/wp-content\/uploads\/2022\/08\/2-Ueber-sehr-grosse-Insekten-wie-diese-Heuschrecke-freuten-sich-die-Kids-besonders-1-1030x687.jpg 1030w, https:\/\/tsg-reiskirchen.de\/wp-content\/uploads\/2022\/08\/2-Ueber-sehr-grosse-Insekten-wie-diese-Heuschrecke-freuten-sich-die-Kids-besonders-1-300x200.jpg 300w, https:\/\/tsg-reiskirchen.de\/wp-content\/uploads\/2022\/08\/2-Ueber-sehr-grosse-Insekten-wie-diese-Heuschrecke-freuten-sich-die-Kids-besonders-1-768x512.jpg 768w, https:\/\/tsg-reiskirchen.de\/wp-content\/uploads\/2022\/08\/2-Ueber-sehr-grosse-Insekten-wie-diese-Heuschrecke-freuten-sich-die-Kids-besonders-1-1536x1024.jpg 1536w, https:\/\/tsg-reiskirchen.de\/wp-content\/uploads\/2022\/08\/2-Ueber-sehr-grosse-Insekten-wie-diese-Heuschrecke-freuten-sich-die-Kids-besonders-1-1500x1000.jpg 1500w, https:\/\/tsg-reiskirchen.de\/wp-content\/uploads\/2022\/08\/2-Ueber-sehr-grosse-Insekten-wie-diese-Heuschrecke-freuten-sich-die-Kids-besonders-1-705x470.jpg 705w, https:\/\/tsg-reiskirchen.de\/wp-content\/uploads\/2022\/08\/2-Ueber-sehr-grosse-Insekten-wie-diese-Heuschrecke-freuten-sich-die-Kids-besonders-1-450x300.jpg 450w, https:\/\/tsg-reiskirchen.de\/wp-content\/uploads\/2022\/08\/2-Ueber-sehr-grosse-Insekten-wie-diese-Heuschrecke-freuten-sich-die-Kids-besonders-1.jpg 1920w\" data-sizes=\"(max-width: 1030px) 100vw, 1030px\" class='av-horizontal-gallery-link avia-svg-icon avia-font-svg_entypo-fontello' data-av_svg_icon='resize-full' data-av_iconset='svg_entypo-fontello' title='\u00dcber sehr gro\u00dfe Insekten, wie diese Heuschrecke, freuten sich die Kids besonders (Foto: Emanuel Zylla)' alt='' aria-label='Open image in lightbox: \u00dcber sehr gro\u00dfe Insekten, wie diese Heuschrecke, freuten sich die Kids besonders (Foto: Emanuel Zylla)'><svg version=\"1.1\" xmlns=\"http:\/\/www.w3.org\/2000\/svg\" width=\"25\" height=\"32\" viewBox=\"0 0 25 32\" preserveAspectRatio=\"xMidYMid meet\" aria-labelledby='av-svg-title-5' aria-describedby='av-svg-desc-5' role=\"graphics-symbol\" aria-hidden=\"true\">\n<title id='av-svg-title-5'>Open image in lightbox: \u00dcber sehr gro\u00dfe Insekten, wie diese Heuschrecke, freuten sich die Kids besonders (Foto: Emanuel Zylla)<\/title>\n<desc id='av-svg-desc-5'>Open image in lightbox: \u00dcber sehr gro\u00dfe Insekten, wie diese Heuschrecke, freuten sich die Kids besonders (Foto: Emanuel Zylla)<\/desc>\n<path d=\"M15.232 3.328h10.112v10.112l-3.2-3.968-4.672 4.864-3.2-3.2 4.864-4.672zM7.872 17.536l3.2 3.2-4.864 4.672 3.904 3.2h-10.112v-10.112l3.2 3.904z\"><\/path>\n<\/svg><\/a><\/div><div class=\"av-horizontal-gallery-wrap noHover\"><img decoding=\"async\" loading=\"lazy\" class='wp-image-4231 avia-img-lazy-loading-4231 av-horizontal-gallery-img' width=\"1030\" height=\"687\" src=\"https:\/\/tsg-reiskirchen.de\/wp-content\/uploads\/2022\/08\/4-Keine-Beruehrungsaengste-mit-der-Natur-Auch-durch-hohes-Gras-ging-die-Suche-nach-den-Krabblern-1030x687.jpg\" title='Keine Ber\u00fchrungs\u00e4ngste mit der Natur- Auch durch hohes Gras ging die Suche nach den Krabblern (Foto: Emanuel Zylla)' alt='' srcset=\"https:\/\/tsg-reiskirchen.de\/wp-content\/uploads\/2022\/08\/4-Keine-Beruehrungsaengste-mit-der-Natur-Auch-durch-hohes-Gras-ging-die-Suche-nach-den-Krabblern-1030x687.jpg 1030w, https:\/\/tsg-reiskirchen.de\/wp-content\/uploads\/2022\/08\/4-Keine-Beruehrungsaengste-mit-der-Natur-Auch-durch-hohes-Gras-ging-die-Suche-nach-den-Krabblern-300x200.jpg 300w, https:\/\/tsg-reiskirchen.de\/wp-content\/uploads\/2022\/08\/4-Keine-Beruehrungsaengste-mit-der-Natur-Auch-durch-hohes-Gras-ging-die-Suche-nach-den-Krabblern-768x512.jpg 768w, https:\/\/tsg-reiskirchen.de\/wp-content\/uploads\/2022\/08\/4-Keine-Beruehrungsaengste-mit-der-Natur-Auch-durch-hohes-Gras-ging-die-Suche-nach-den-Krabblern-1536x1024.jpg 1536w, https:\/\/tsg-reiskirchen.de\/wp-content\/uploads\/2022\/08\/4-Keine-Beruehrungsaengste-mit-der-Natur-Auch-durch-hohes-Gras-ging-die-Suche-nach-den-Krabblern-1500x1000.jpg 1500w, https:\/\/tsg-reiskirchen.de\/wp-content\/uploads\/2022\/08\/4-Keine-Beruehrungsaengste-mit-der-Natur-Auch-durch-hohes-Gras-ging-die-Suche-nach-den-Krabblern-705x470.jpg 705w, https:\/\/tsg-reiskirchen.de\/wp-content\/uploads\/2022\/08\/4-Keine-Beruehrungsaengste-mit-der-Natur-Auch-durch-hohes-Gras-ging-die-Suche-nach-den-Krabblern-450x300.jpg 450w, https:\/\/tsg-reiskirchen.de\/wp-content\/uploads\/2022\/08\/4-Keine-Beruehrungsaengste-mit-der-Natur-Auch-durch-hohes-Gras-ging-die-Suche-nach-den-Krabblern.jpg 1920w\" sizes=\"auto, (max-width: 1030px) 100vw, 1030px\" \/><a href=\"https:\/\/tsg-reiskirchen.de\/wp-content\/uploads\/2022\/08\/4-Keine-Beruehrungsaengste-mit-der-Natur-Auch-durch-hohes-Gras-ging-die-Suche-nach-den-Krabblern-1030x687.jpg\" data-srcset=\"https:\/\/tsg-reiskirchen.de\/wp-content\/uploads\/2022\/08\/4-Keine-Beruehrungsaengste-mit-der-Natur-Auch-durch-hohes-Gras-ging-die-Suche-nach-den-Krabblern-1030x687.jpg 1030w, https:\/\/tsg-reiskirchen.de\/wp-content\/uploads\/2022\/08\/4-Keine-Beruehrungsaengste-mit-der-Natur-Auch-durch-hohes-Gras-ging-die-Suche-nach-den-Krabblern-300x200.jpg 300w, https:\/\/tsg-reiskirchen.de\/wp-content\/uploads\/2022\/08\/4-Keine-Beruehrungsaengste-mit-der-Natur-Auch-durch-hohes-Gras-ging-die-Suche-nach-den-Krabblern-768x512.jpg 768w, https:\/\/tsg-reiskirchen.de\/wp-content\/uploads\/2022\/08\/4-Keine-Beruehrungsaengste-mit-der-Natur-Auch-durch-hohes-Gras-ging-die-Suche-nach-den-Krabblern-1536x1024.jpg 1536w, https:\/\/tsg-reiskirchen.de\/wp-content\/uploads\/2022\/08\/4-Keine-Beruehrungsaengste-mit-der-Natur-Auch-durch-hohes-Gras-ging-die-Suche-nach-den-Krabblern-1500x1000.jpg 1500w, https:\/\/tsg-reiskirchen.de\/wp-content\/uploads\/2022\/08\/4-Keine-Beruehrungsaengste-mit-der-Natur-Auch-durch-hohes-Gras-ging-die-Suche-nach-den-Krabblern-705x470.jpg 705w, https:\/\/tsg-reiskirchen.de\/wp-content\/uploads\/2022\/08\/4-Keine-Beruehrungsaengste-mit-der-Natur-Auch-durch-hohes-Gras-ging-die-Suche-nach-den-Krabblern-450x300.jpg 450w, https:\/\/tsg-reiskirchen.de\/wp-content\/uploads\/2022\/08\/4-Keine-Beruehrungsaengste-mit-der-Natur-Auch-durch-hohes-Gras-ging-die-Suche-nach-den-Krabblern.jpg 1920w\" data-sizes=\"(max-width: 1030px) 100vw, 1030px\" class='av-horizontal-gallery-link avia-svg-icon avia-font-svg_entypo-fontello' data-av_svg_icon='resize-full' data-av_iconset='svg_entypo-fontello' title='Keine Ber\u00fchrungs\u00e4ngste mit der Natur- Auch durch hohes Gras ging die Suche nach den Krabblern (Foto: Emanuel Zylla)' alt='' aria-label='Open image in lightbox: Keine Ber\u00fchrungs\u00e4ngste mit der Natur- Auch durch hohes Gras ging die Suche nach den Krabblern (Foto: Emanuel Zylla)'><svg version=\"1.1\" xmlns=\"http:\/\/www.w3.org\/2000\/svg\" width=\"25\" height=\"32\" viewBox=\"0 0 25 32\" preserveAspectRatio=\"xMidYMid meet\" aria-labelledby='av-svg-title-6' aria-describedby='av-svg-desc-6' role=\"graphics-symbol\" aria-hidden=\"true\">\n<title id='av-svg-title-6'>Open image in lightbox: Keine Ber\u00fchrungs\u00e4ngste mit der Natur- Auch durch hohes Gras ging die Suche nach den Krabblern (Foto: Emanuel Zylla)<\/title>\n<desc id='av-svg-desc-6'>Open image in lightbox: Keine Ber\u00fchrungs\u00e4ngste mit der Natur- Auch durch hohes Gras ging die Suche nach den Krabblern (Foto: Emanuel Zylla)<\/desc>\n<path d=\"M15.232 3.328h10.112v10.112l-3.2-3.968-4.672 4.864-3.2-3.2 4.864-4.672zM7.872 17.536l3.2 3.2-4.864 4.672 3.904 3.2h-10.112v-10.112l3.2 3.904z\"><\/path>\n<\/svg><\/a><\/div><div class=\"av-horizontal-gallery-wrap noHover\"><img decoding=\"async\" loading=\"lazy\" class='wp-image-4230 avia-img-lazy-loading-4230 av-horizontal-gallery-img' width=\"1030\" height=\"687\" src=\"https:\/\/tsg-reiskirchen.de\/wp-content\/uploads\/2022\/08\/5-Die-Wiesen-und-Straeucher-wurden-genaustens-unter-die-Lupe-genommen-1030x687.jpg\" title='Die Wiesen und Str\u00e4ucher wurden genaustens unter die Lupe genommen (Foto: Emanuel Zylla)' alt='' srcset=\"https:\/\/tsg-reiskirchen.de\/wp-content\/uploads\/2022\/08\/5-Die-Wiesen-und-Straeucher-wurden-genaustens-unter-die-Lupe-genommen-1030x687.jpg 1030w, https:\/\/tsg-reiskirchen.de\/wp-content\/uploads\/2022\/08\/5-Die-Wiesen-und-Straeucher-wurden-genaustens-unter-die-Lupe-genommen-300x200.jpg 300w, https:\/\/tsg-reiskirchen.de\/wp-content\/uploads\/2022\/08\/5-Die-Wiesen-und-Straeucher-wurden-genaustens-unter-die-Lupe-genommen-768x512.jpg 768w, https:\/\/tsg-reiskirchen.de\/wp-content\/uploads\/2022\/08\/5-Die-Wiesen-und-Straeucher-wurden-genaustens-unter-die-Lupe-genommen-1536x1024.jpg 1536w, https:\/\/tsg-reiskirchen.de\/wp-content\/uploads\/2022\/08\/5-Die-Wiesen-und-Straeucher-wurden-genaustens-unter-die-Lupe-genommen-1500x1000.jpg 1500w, https:\/\/tsg-reiskirchen.de\/wp-content\/uploads\/2022\/08\/5-Die-Wiesen-und-Straeucher-wurden-genaustens-unter-die-Lupe-genommen-705x470.jpg 705w, https:\/\/tsg-reiskirchen.de\/wp-content\/uploads\/2022\/08\/5-Die-Wiesen-und-Straeucher-wurden-genaustens-unter-die-Lupe-genommen-450x300.jpg 450w, https:\/\/tsg-reiskirchen.de\/wp-content\/uploads\/2022\/08\/5-Die-Wiesen-und-Straeucher-wurden-genaustens-unter-die-Lupe-genommen.jpg 1920w\" sizes=\"auto, (max-width: 1030px) 100vw, 1030px\" \/><a href=\"https:\/\/tsg-reiskirchen.de\/wp-content\/uploads\/2022\/08\/5-Die-Wiesen-und-Straeucher-wurden-genaustens-unter-die-Lupe-genommen-1030x687.jpg\" data-srcset=\"https:\/\/tsg-reiskirchen.de\/wp-content\/uploads\/2022\/08\/5-Die-Wiesen-und-Straeucher-wurden-genaustens-unter-die-Lupe-genommen-1030x687.jpg 1030w, https:\/\/tsg-reiskirchen.de\/wp-content\/uploads\/2022\/08\/5-Die-Wiesen-und-Straeucher-wurden-genaustens-unter-die-Lupe-genommen-300x200.jpg 300w, https:\/\/tsg-reiskirchen.de\/wp-content\/uploads\/2022\/08\/5-Die-Wiesen-und-Straeucher-wurden-genaustens-unter-die-Lupe-genommen-768x512.jpg 768w, https:\/\/tsg-reiskirchen.de\/wp-content\/uploads\/2022\/08\/5-Die-Wiesen-und-Straeucher-wurden-genaustens-unter-die-Lupe-genommen-1536x1024.jpg 1536w, https:\/\/tsg-reiskirchen.de\/wp-content\/uploads\/2022\/08\/5-Die-Wiesen-und-Straeucher-wurden-genaustens-unter-die-Lupe-genommen-1500x1000.jpg 1500w, https:\/\/tsg-reiskirchen.de\/wp-content\/uploads\/2022\/08\/5-Die-Wiesen-und-Straeucher-wurden-genaustens-unter-die-Lupe-genommen-705x470.jpg 705w, https:\/\/tsg-reiskirchen.de\/wp-content\/uploads\/2022\/08\/5-Die-Wiesen-und-Straeucher-wurden-genaustens-unter-die-Lupe-genommen-450x300.jpg 450w, https:\/\/tsg-reiskirchen.de\/wp-content\/uploads\/2022\/08\/5-Die-Wiesen-und-Straeucher-wurden-genaustens-unter-die-Lupe-genommen.jpg 1920w\" data-sizes=\"(max-width: 1030px) 100vw, 1030px\" class='av-horizontal-gallery-link avia-svg-icon avia-font-svg_entypo-fontello' data-av_svg_icon='resize-full' data-av_iconset='svg_entypo-fontello' title='Die Wiesen und Str\u00e4ucher wurden genaustens unter die Lupe genommen (Foto: Emanuel Zylla)' alt='' aria-label='Open image in lightbox: Die Wiesen und Str\u00e4ucher wurden genaustens unter die Lupe genommen (Foto: Emanuel Zylla)'><svg version=\"1.1\" xmlns=\"http:\/\/www.w3.org\/2000\/svg\" width=\"25\" height=\"32\" viewBox=\"0 0 25 32\" preserveAspectRatio=\"xMidYMid meet\" aria-labelledby='av-svg-title-7' aria-describedby='av-svg-desc-7' role=\"graphics-symbol\" aria-hidden=\"true\">\n<title id='av-svg-title-7'>Open image in lightbox: Die Wiesen und Str\u00e4ucher wurden genaustens unter die Lupe genommen (Foto: Emanuel Zylla)<\/title>\n<desc id='av-svg-desc-7'>Open image in lightbox: Die Wiesen und Str\u00e4ucher wurden genaustens unter die Lupe genommen (Foto: Emanuel Zylla)<\/desc>\n<path d=\"M15.232 3.328h10.112v10.112l-3.2-3.968-4.672 4.864-3.2-3.2 4.864-4.672zM7.872 17.536l3.2 3.2-4.864 4.672 3.904 3.2h-10.112v-10.112l3.2 3.904z\"><\/path>\n<\/svg><\/a><\/div><div class=\"av-horizontal-gallery-wrap noHover\"><img decoding=\"async\" loading=\"lazy\" class='wp-image-4225 avia-img-lazy-loading-4225 av-horizontal-gallery-img' width=\"1030\" height=\"687\" src=\"https:\/\/tsg-reiskirchen.de\/wp-content\/uploads\/2022\/08\/7-Im-Team-bestimmte-Sarah-Steinemann-mit-den-Kleinen-die-Namen-der-Insekten-1030x687.jpg\" title='Im Team bestimmte Sarah Steinemann mit den Kleinen die Namen der Insekten (Foto: Emanuel Zylla)' alt='' srcset=\"https:\/\/tsg-reiskirchen.de\/wp-content\/uploads\/2022\/08\/7-Im-Team-bestimmte-Sarah-Steinemann-mit-den-Kleinen-die-Namen-der-Insekten-1030x687.jpg 1030w, https:\/\/tsg-reiskirchen.de\/wp-content\/uploads\/2022\/08\/7-Im-Team-bestimmte-Sarah-Steinemann-mit-den-Kleinen-die-Namen-der-Insekten-300x200.jpg 300w, https:\/\/tsg-reiskirchen.de\/wp-content\/uploads\/2022\/08\/7-Im-Team-bestimmte-Sarah-Steinemann-mit-den-Kleinen-die-Namen-der-Insekten-768x512.jpg 768w, https:\/\/tsg-reiskirchen.de\/wp-content\/uploads\/2022\/08\/7-Im-Team-bestimmte-Sarah-Steinemann-mit-den-Kleinen-die-Namen-der-Insekten-1536x1024.jpg 1536w, https:\/\/tsg-reiskirchen.de\/wp-content\/uploads\/2022\/08\/7-Im-Team-bestimmte-Sarah-Steinemann-mit-den-Kleinen-die-Namen-der-Insekten-1500x1000.jpg 1500w, https:\/\/tsg-reiskirchen.de\/wp-content\/uploads\/2022\/08\/7-Im-Team-bestimmte-Sarah-Steinemann-mit-den-Kleinen-die-Namen-der-Insekten-705x470.jpg 705w, https:\/\/tsg-reiskirchen.de\/wp-content\/uploads\/2022\/08\/7-Im-Team-bestimmte-Sarah-Steinemann-mit-den-Kleinen-die-Namen-der-Insekten-450x300.jpg 450w, https:\/\/tsg-reiskirchen.de\/wp-content\/uploads\/2022\/08\/7-Im-Team-bestimmte-Sarah-Steinemann-mit-den-Kleinen-die-Namen-der-Insekten.jpg 1920w\" sizes=\"auto, (max-width: 1030px) 100vw, 1030px\" \/><a href=\"https:\/\/tsg-reiskirchen.de\/wp-content\/uploads\/2022\/08\/7-Im-Team-bestimmte-Sarah-Steinemann-mit-den-Kleinen-die-Namen-der-Insekten-1030x687.jpg\" data-srcset=\"https:\/\/tsg-reiskirchen.de\/wp-content\/uploads\/2022\/08\/7-Im-Team-bestimmte-Sarah-Steinemann-mit-den-Kleinen-die-Namen-der-Insekten-1030x687.jpg 1030w, https:\/\/tsg-reiskirchen.de\/wp-content\/uploads\/2022\/08\/7-Im-Team-bestimmte-Sarah-Steinemann-mit-den-Kleinen-die-Namen-der-Insekten-300x200.jpg 300w, https:\/\/tsg-reiskirchen.de\/wp-content\/uploads\/2022\/08\/7-Im-Team-bestimmte-Sarah-Steinemann-mit-den-Kleinen-die-Namen-der-Insekten-768x512.jpg 768w, https:\/\/tsg-reiskirchen.de\/wp-content\/uploads\/2022\/08\/7-Im-Team-bestimmte-Sarah-Steinemann-mit-den-Kleinen-die-Namen-der-Insekten-1536x1024.jpg 1536w, https:\/\/tsg-reiskirchen.de\/wp-content\/uploads\/2022\/08\/7-Im-Team-bestimmte-Sarah-Steinemann-mit-den-Kleinen-die-Namen-der-Insekten-1500x1000.jpg 1500w, https:\/\/tsg-reiskirchen.de\/wp-content\/uploads\/2022\/08\/7-Im-Team-bestimmte-Sarah-Steinemann-mit-den-Kleinen-die-Namen-der-Insekten-705x470.jpg 705w, https:\/\/tsg-reiskirchen.de\/wp-content\/uploads\/2022\/08\/7-Im-Team-bestimmte-Sarah-Steinemann-mit-den-Kleinen-die-Namen-der-Insekten-450x300.jpg 450w, https:\/\/tsg-reiskirchen.de\/wp-content\/uploads\/2022\/08\/7-Im-Team-bestimmte-Sarah-Steinemann-mit-den-Kleinen-die-Namen-der-Insekten.jpg 1920w\" data-sizes=\"(max-width: 1030px) 100vw, 1030px\" class='av-horizontal-gallery-link avia-svg-icon avia-font-svg_entypo-fontello' data-av_svg_icon='resize-full' data-av_iconset='svg_entypo-fontello' title='Im Team bestimmte Sarah Steinemann mit den Kleinen die Namen der Insekten (Foto: Emanuel Zylla)' alt='' aria-label='Open image in lightbox: Im Team bestimmte Sarah Steinemann mit den Kleinen die Namen der Insekten (Foto: Emanuel Zylla)'><svg version=\"1.1\" xmlns=\"http:\/\/www.w3.org\/2000\/svg\" width=\"25\" height=\"32\" viewBox=\"0 0 25 32\" preserveAspectRatio=\"xMidYMid meet\" aria-labelledby='av-svg-title-8' aria-describedby='av-svg-desc-8' role=\"graphics-symbol\" aria-hidden=\"true\">\n<title id='av-svg-title-8'>Open image in lightbox: Im Team bestimmte Sarah Steinemann mit den Kleinen die Namen der Insekten (Foto: Emanuel Zylla)<\/title>\n<desc id='av-svg-desc-8'>Open image in lightbox: Im Team bestimmte Sarah Steinemann mit den Kleinen die Namen der Insekten (Foto: Emanuel Zylla)<\/desc>\n<path d=\"M15.232 3.328h10.112v10.112l-3.2-3.968-4.672 4.864-3.2-3.2 4.864-4.672zM7.872 17.536l3.2 3.2-4.864 4.672 3.904 3.2h-10.112v-10.112l3.2 3.904z\"><\/path>\n<\/svg><\/a><\/div><div class=\"av-horizontal-gallery-wrap noHover\"><img decoding=\"async\" loading=\"lazy\" class='wp-image-4223 avia-img-lazy-loading-4223 av-horizontal-gallery-img' width=\"907\" height=\"1030\" src=\"https:\/\/tsg-reiskirchen.de\/wp-content\/uploads\/2022\/08\/3-Gemeinsam-mit-Sarah-Steinemann-von-der-TSG-identifizierten-die-Kinder-die-vielen-Insekten-auf-der-Wiese-des-Sportplatzes-907x1030.jpg\" title='Gemeinsam mit Sarah Steinemann von der TSG identifizierten die Kinder die vielen Insekten auf der Wiese des Sportplatzes (Foto: Emanuel Zylla)' alt='' srcset=\"https:\/\/tsg-reiskirchen.de\/wp-content\/uploads\/2022\/08\/3-Gemeinsam-mit-Sarah-Steinemann-von-der-TSG-identifizierten-die-Kinder-die-vielen-Insekten-auf-der-Wiese-des-Sportplatzes-907x1030.jpg 907w, https:\/\/tsg-reiskirchen.de\/wp-content\/uploads\/2022\/08\/3-Gemeinsam-mit-Sarah-Steinemann-von-der-TSG-identifizierten-die-Kinder-die-vielen-Insekten-auf-der-Wiese-des-Sportplatzes-264x300.jpg 264w, https:\/\/tsg-reiskirchen.de\/wp-content\/uploads\/2022\/08\/3-Gemeinsam-mit-Sarah-Steinemann-von-der-TSG-identifizierten-die-Kinder-die-vielen-Insekten-auf-der-Wiese-des-Sportplatzes-768x872.jpg 768w, https:\/\/tsg-reiskirchen.de\/wp-content\/uploads\/2022\/08\/3-Gemeinsam-mit-Sarah-Steinemann-von-der-TSG-identifizierten-die-Kinder-die-vielen-Insekten-auf-der-Wiese-des-Sportplatzes-1353x1536.jpg 1353w, https:\/\/tsg-reiskirchen.de\/wp-content\/uploads\/2022\/08\/3-Gemeinsam-mit-Sarah-Steinemann-von-der-TSG-identifizierten-die-Kinder-die-vielen-Insekten-auf-der-Wiese-des-Sportplatzes-1804x2048.jpg 1804w, https:\/\/tsg-reiskirchen.de\/wp-content\/uploads\/2022\/08\/3-Gemeinsam-mit-Sarah-Steinemann-von-der-TSG-identifizierten-die-Kinder-die-vielen-Insekten-auf-der-Wiese-des-Sportplatzes-1321x1500.jpg 1321w, https:\/\/tsg-reiskirchen.de\/wp-content\/uploads\/2022\/08\/3-Gemeinsam-mit-Sarah-Steinemann-von-der-TSG-identifizierten-die-Kinder-die-vielen-Insekten-auf-der-Wiese-des-Sportplatzes-621x705.jpg 621w, https:\/\/tsg-reiskirchen.de\/wp-content\/uploads\/2022\/08\/3-Gemeinsam-mit-Sarah-Steinemann-von-der-TSG-identifizierten-die-Kinder-die-vielen-Insekten-auf-der-Wiese-des-Sportplatzes-450x511.jpg 450w, https:\/\/tsg-reiskirchen.de\/wp-content\/uploads\/2022\/08\/3-Gemeinsam-mit-Sarah-Steinemann-von-der-TSG-identifizierten-die-Kinder-die-vielen-Insekten-auf-der-Wiese-des-Sportplatzes.jpg 1920w\" sizes=\"auto, (max-width: 907px) 100vw, 907px\" \/><a href=\"https:\/\/tsg-reiskirchen.de\/wp-content\/uploads\/2022\/08\/3-Gemeinsam-mit-Sarah-Steinemann-von-der-TSG-identifizierten-die-Kinder-die-vielen-Insekten-auf-der-Wiese-des-Sportplatzes-907x1030.jpg\" data-srcset=\"https:\/\/tsg-reiskirchen.de\/wp-content\/uploads\/2022\/08\/3-Gemeinsam-mit-Sarah-Steinemann-von-der-TSG-identifizierten-die-Kinder-die-vielen-Insekten-auf-der-Wiese-des-Sportplatzes-907x1030.jpg 907w, https:\/\/tsg-reiskirchen.de\/wp-content\/uploads\/2022\/08\/3-Gemeinsam-mit-Sarah-Steinemann-von-der-TSG-identifizierten-die-Kinder-die-vielen-Insekten-auf-der-Wiese-des-Sportplatzes-264x300.jpg 264w, https:\/\/tsg-reiskirchen.de\/wp-content\/uploads\/2022\/08\/3-Gemeinsam-mit-Sarah-Steinemann-von-der-TSG-identifizierten-die-Kinder-die-vielen-Insekten-auf-der-Wiese-des-Sportplatzes-768x872.jpg 768w, https:\/\/tsg-reiskirchen.de\/wp-content\/uploads\/2022\/08\/3-Gemeinsam-mit-Sarah-Steinemann-von-der-TSG-identifizierten-die-Kinder-die-vielen-Insekten-auf-der-Wiese-des-Sportplatzes-1353x1536.jpg 1353w, https:\/\/tsg-reiskirchen.de\/wp-content\/uploads\/2022\/08\/3-Gemeinsam-mit-Sarah-Steinemann-von-der-TSG-identifizierten-die-Kinder-die-vielen-Insekten-auf-der-Wiese-des-Sportplatzes-1804x2048.jpg 1804w, https:\/\/tsg-reiskirchen.de\/wp-content\/uploads\/2022\/08\/3-Gemeinsam-mit-Sarah-Steinemann-von-der-TSG-identifizierten-die-Kinder-die-vielen-Insekten-auf-der-Wiese-des-Sportplatzes-1321x1500.jpg 1321w, https:\/\/tsg-reiskirchen.de\/wp-content\/uploads\/2022\/08\/3-Gemeinsam-mit-Sarah-Steinemann-von-der-TSG-identifizierten-die-Kinder-die-vielen-Insekten-auf-der-Wiese-des-Sportplatzes-621x705.jpg 621w, https:\/\/tsg-reiskirchen.de\/wp-content\/uploads\/2022\/08\/3-Gemeinsam-mit-Sarah-Steinemann-von-der-TSG-identifizierten-die-Kinder-die-vielen-Insekten-auf-der-Wiese-des-Sportplatzes-450x511.jpg 450w, https:\/\/tsg-reiskirchen.de\/wp-content\/uploads\/2022\/08\/3-Gemeinsam-mit-Sarah-Steinemann-von-der-TSG-identifizierten-die-Kinder-die-vielen-Insekten-auf-der-Wiese-des-Sportplatzes.jpg 1920w\" data-sizes=\"(max-width: 907px) 100vw, 907px\" class='av-horizontal-gallery-link avia-svg-icon avia-font-svg_entypo-fontello' data-av_svg_icon='resize-full' data-av_iconset='svg_entypo-fontello' title='Gemeinsam mit Sarah Steinemann von der TSG identifizierten die Kinder die vielen Insekten auf der Wiese des Sportplatzes (Foto: Emanuel Zylla)' alt='' aria-label='Open image in lightbox: Gemeinsam mit Sarah Steinemann von der TSG identifizierten die Kinder die vielen Insekten auf der Wiese des Sportplatzes (Foto: Emanuel Zylla)'><svg version=\"1.1\" xmlns=\"http:\/\/www.w3.org\/2000\/svg\" width=\"25\" height=\"32\" viewBox=\"0 0 25 32\" preserveAspectRatio=\"xMidYMid meet\" aria-labelledby='av-svg-title-9' aria-describedby='av-svg-desc-9' role=\"graphics-symbol\" aria-hidden=\"true\">\n<title id='av-svg-title-9'>Open image in lightbox: Gemeinsam mit Sarah Steinemann von der TSG identifizierten die Kinder die vielen Insekten auf der Wiese des Sportplatzes (Foto: Emanuel Zylla)<\/title>\n<desc id='av-svg-desc-9'>Open image in lightbox: Gemeinsam mit Sarah Steinemann von der TSG identifizierten die Kinder die vielen Insekten auf der Wiese des Sportplatzes (Foto: Emanuel Zylla)<\/desc>\n<path d=\"M15.232 3.328h10.112v10.112l-3.2-3.968-4.672 4.864-3.2-3.2 4.864-4.672zM7.872 17.536l3.2 3.2-4.864 4.672 3.904 3.2h-10.112v-10.112l3.2 3.904z\"><\/path>\n<\/svg><\/a><\/div><div class=\"av-horizontal-gallery-wrap noHover\"><img decoding=\"async\" loading=\"lazy\" class='wp-image-4233 avia-img-lazy-loading-4233 av-horizontal-gallery-img' width=\"773\" height=\"1030\" src=\"https:\/\/tsg-reiskirchen.de\/wp-content\/uploads\/2022\/08\/Insektenpraeparate-773x1030.png\" title='Insektenpr\u00e4parate' alt='' srcset=\"https:\/\/tsg-reiskirchen.de\/wp-content\/uploads\/2022\/08\/Insektenpraeparate-773x1030.png 773w, https:\/\/tsg-reiskirchen.de\/wp-content\/uploads\/2022\/08\/Insektenpraeparate-225x300.png 225w, https:\/\/tsg-reiskirchen.de\/wp-content\/uploads\/2022\/08\/Insektenpraeparate-768x1024.png 768w, https:\/\/tsg-reiskirchen.de\/wp-content\/uploads\/2022\/08\/Insektenpraeparate-1152x1536.png 1152w, https:\/\/tsg-reiskirchen.de\/wp-content\/uploads\/2022\/08\/Insektenpraeparate-1536x2048.png 1536w, https:\/\/tsg-reiskirchen.de\/wp-content\/uploads\/2022\/08\/Insektenpraeparate-1125x1500.png 1125w, https:\/\/tsg-reiskirchen.de\/wp-content\/uploads\/2022\/08\/Insektenpraeparate-529x705.png 529w, https:\/\/tsg-reiskirchen.de\/wp-content\/uploads\/2022\/08\/Insektenpraeparate-450x600.png 450w\" sizes=\"auto, (max-width: 773px) 100vw, 773px\" \/><a href=\"https:\/\/tsg-reiskirchen.de\/wp-content\/uploads\/2022\/08\/Insektenpraeparate-773x1030.png\" data-srcset=\"https:\/\/tsg-reiskirchen.de\/wp-content\/uploads\/2022\/08\/Insektenpraeparate-773x1030.png 773w, https:\/\/tsg-reiskirchen.de\/wp-content\/uploads\/2022\/08\/Insektenpraeparate-225x300.png 225w, https:\/\/tsg-reiskirchen.de\/wp-content\/uploads\/2022\/08\/Insektenpraeparate-768x1024.png 768w, https:\/\/tsg-reiskirchen.de\/wp-content\/uploads\/2022\/08\/Insektenpraeparate-1152x1536.png 1152w, https:\/\/tsg-reiskirchen.de\/wp-content\/uploads\/2022\/08\/Insektenpraeparate-1536x2048.png 1536w, https:\/\/tsg-reiskirchen.de\/wp-content\/uploads\/2022\/08\/Insektenpraeparate-1125x1500.png 1125w, https:\/\/tsg-reiskirchen.de\/wp-content\/uploads\/2022\/08\/Insektenpraeparate-529x705.png 529w, https:\/\/tsg-reiskirchen.de\/wp-content\/uploads\/2022\/08\/Insektenpraeparate-450x600.png 450w\" data-sizes=\"(max-width: 773px) 100vw, 773px\" class='av-horizontal-gallery-link avia-svg-icon avia-font-svg_entypo-fontello' data-av_svg_icon='resize-full' data-av_iconset='svg_entypo-fontello' title='Insektenpr\u00e4parate' alt='' aria-label='Open image in lightbox: Insektenpr\u00e4parate'><svg version=\"1.1\" xmlns=\"http:\/\/www.w3.org\/2000\/svg\" width=\"25\" height=\"32\" viewBox=\"0 0 25 32\" preserveAspectRatio=\"xMidYMid meet\" aria-labelledby='av-svg-title-10' aria-describedby='av-svg-desc-10' role=\"graphics-symbol\" aria-hidden=\"true\">\n<title id='av-svg-title-10'>Open image in lightbox: Insektenpr\u00e4parate<\/title>\n<desc id='av-svg-desc-10'>Open image in lightbox: Insektenpr\u00e4parate<\/desc>\n<path d=\"M15.232 3.328h10.112v10.112l-3.2-3.968-4.672 4.864-3.2-3.2 4.864-4.672zM7.872 17.536l3.2 3.2-4.864 4.672 3.904 3.2h-10.112v-10.112l3.2 3.904z\"><\/path>\n<\/svg><\/a><\/div><div class=\"av-horizontal-gallery-wrap noHover\"><img decoding=\"async\" loading=\"lazy\" class='wp-image-4235 avia-img-lazy-loading-4235 av-horizontal-gallery-img' width=\"773\" height=\"1030\" src=\"https:\/\/tsg-reiskirchen.de\/wp-content\/uploads\/2022\/08\/Weinschwaermer1-773x1030.png\" title='Weinschw\u00e4rmer1' alt='' srcset=\"https:\/\/tsg-reiskirchen.de\/wp-content\/uploads\/2022\/08\/Weinschwaermer1-773x1030.png 773w, https:\/\/tsg-reiskirchen.de\/wp-content\/uploads\/2022\/08\/Weinschwaermer1-225x300.png 225w, https:\/\/tsg-reiskirchen.de\/wp-content\/uploads\/2022\/08\/Weinschwaermer1-768x1024.png 768w, https:\/\/tsg-reiskirchen.de\/wp-content\/uploads\/2022\/08\/Weinschwaermer1-1152x1536.png 1152w, https:\/\/tsg-reiskirchen.de\/wp-content\/uploads\/2022\/08\/Weinschwaermer1-1536x2048.png 1536w, https:\/\/tsg-reiskirchen.de\/wp-content\/uploads\/2022\/08\/Weinschwaermer1-1125x1500.png 1125w, https:\/\/tsg-reiskirchen.de\/wp-content\/uploads\/2022\/08\/Weinschwaermer1-529x705.png 529w, https:\/\/tsg-reiskirchen.de\/wp-content\/uploads\/2022\/08\/Weinschwaermer1-450x600.png 450w\" sizes=\"auto, (max-width: 773px) 100vw, 773px\" \/><a href=\"https:\/\/tsg-reiskirchen.de\/wp-content\/uploads\/2022\/08\/Weinschwaermer1-773x1030.png\" data-srcset=\"https:\/\/tsg-reiskirchen.de\/wp-content\/uploads\/2022\/08\/Weinschwaermer1-773x1030.png 773w, https:\/\/tsg-reiskirchen.de\/wp-content\/uploads\/2022\/08\/Weinschwaermer1-225x300.png 225w, https:\/\/tsg-reiskirchen.de\/wp-content\/uploads\/2022\/08\/Weinschwaermer1-768x1024.png 768w, https:\/\/tsg-reiskirchen.de\/wp-content\/uploads\/2022\/08\/Weinschwaermer1-1152x1536.png 1152w, https:\/\/tsg-reiskirchen.de\/wp-content\/uploads\/2022\/08\/Weinschwaermer1-1536x2048.png 1536w, https:\/\/tsg-reiskirchen.de\/wp-content\/uploads\/2022\/08\/Weinschwaermer1-1125x1500.png 1125w, https:\/\/tsg-reiskirchen.de\/wp-content\/uploads\/2022\/08\/Weinschwaermer1-529x705.png 529w, https:\/\/tsg-reiskirchen.de\/wp-content\/uploads\/2022\/08\/Weinschwaermer1-450x600.png 450w\" data-sizes=\"(max-width: 773px) 100vw, 773px\" class='av-horizontal-gallery-link avia-svg-icon avia-font-svg_entypo-fontello' data-av_svg_icon='resize-full' data-av_iconset='svg_entypo-fontello' title='Weinschw\u00e4rmer1' alt='' aria-label='Open image in lightbox: Weinschw\u00e4rmer1'><svg version=\"1.1\" xmlns=\"http:\/\/www.w3.org\/2000\/svg\" width=\"25\" height=\"32\" viewBox=\"0 0 25 32\" preserveAspectRatio=\"xMidYMid meet\" aria-labelledby='av-svg-title-11' aria-describedby='av-svg-desc-11' role=\"graphics-symbol\" aria-hidden=\"true\">\n<title id='av-svg-title-11'>Open image in lightbox: Weinschw\u00e4rmer1<\/title>\n<desc id='av-svg-desc-11'>Open image in lightbox: Weinschw\u00e4rmer1<\/desc>\n<path d=\"M15.232 3.328h10.112v10.112l-3.2-3.968-4.672 4.864-3.2-3.2 4.864-4.672zM7.872 17.536l3.2 3.2-4.864 4.672 3.904 3.2h-10.112v-10.112l3.2 3.904z\"><\/path>\n<\/svg><\/a><\/div><\/div><\/div><\/div>\n","protected":false},"excerpt":{"rendered":"","protected":false},"author":2,"featured_media":4230,"comment_status":"closed","ping_status":"open","sticky":false,"template":"","format":"standard","meta":{"footnotes":""},"categories":[14],"tags":[],"class_list":["post-4234","post","type-post","status-publish","format-standard","has-post-thumbnail","hentry","category-news"],"_links":{"self":[{"href":"https:\/\/tsg-reiskirchen.de\/index.php?rest_route=\/wp\/v2\/posts\/4234","targetHints":{"allow":["GET"]}}],"collection":[{"href":"https:\/\/tsg-reiskirchen.de\/index.php?rest_route=\/wp\/v2\/posts"}],"about":[{"href":"https:\/\/tsg-reiskirchen.de\/index.php?rest_route=\/wp\/v2\/types\/post"}],"author":[{"embeddable":true,"href":"https:\/\/tsg-reiskirchen.de\/index.php?rest_route=\/wp\/v2\/users\/2"}],"replies":[{"embeddable":true,"href":"https:\/\/tsg-reiskirchen.de\/index.php?rest_route=%2Fwp%2Fv2%2Fcomments&post=4234"}],"version-history":[{"count":13,"href":"https:\/\/tsg-reiskirchen.de\/index.php?rest_route=\/wp\/v2\/posts\/4234\/revisions"}],"predecessor-version":[{"id":4264,"href":"https:\/\/tsg-reiskirchen.de\/index.php?rest_route=\/wp\/v2\/posts\/4234\/revisions\/4264"}],"wp:featuredmedia":[{"embeddable":true,"href":"https:\/\/tsg-reiskirchen.de\/index.php?rest_route=\/wp\/v2\/media\/4230"}],"wp:attachment":[{"href":"https:\/\/tsg-reiskirchen.de\/index.php?rest_route=%2Fwp%2Fv2%2Fmedia&parent=4234"}],"wp:term":[{"taxonomy":"category","embeddable":true,"href":"https:\/\/tsg-reiskirchen.de\/index.php?rest_route=%2Fwp%2Fv2%2Fcategories&post=4234"},{"taxonomy":"post_tag","embeddable":true,"href":"https:\/\/tsg-reiskirchen.de\/index.php?rest_route=%2Fwp%2Fv2%2Ftags&post=4234"}],"curies":[{"name":"wp","href":"https:\/\/api.w.org\/{rel}","templated":true}]}}