{"id":4338,"date":"2023-01-05T07:02:52","date_gmt":"2023-01-05T07:02:52","guid":{"rendered":"https:\/\/tsg-reiskirchen.de\/?p=4338"},"modified":"2023-01-05T07:04:35","modified_gmt":"2023-01-05T07:04:35","slug":"jahresbericht-2022-der-abteilung-turnen-leichtathletik","status":"publish","type":"post","link":"https:\/\/tsg-reiskirchen.de\/?p=4338","title":{"rendered":"Jahresbericht 2022 der Abteilung Turnen &#038; Leichtathletik"},"content":{"rendered":"<section  class='av_textblock_section av-lcipt16b-f9b8987bf315d16388e0f1f1bf8f2a3e '   itemscope=\"itemscope\" itemtype=\"https:\/\/schema.org\/BlogPosting\" itemprop=\"blogPost\" ><div class='avia_textblock'  itemprop=\"text\" ><p style=\"text-align: right;\">\u00a0\u00a0\u00a0\u00a0\u00a0\u00a0\u00a0\u00a0\u00a0\u00a0\u00a0\u00a0\u00a0\u00a0\u00a0\u00a0\u00a0\u00a0\u00a0\u00a0\u00a0\u00a0\u00a0\u00a0\u00a0\u00a0\u00a0\u00a0\u00a0\u00a0\u00a0\u00a0\u00a0\u00a0\u00a0\u00a0\u00a0\u00a0\u00a0\u00a0\u00a0\u00a0\u00a0\u00a0\u00a0\u00a0\u00a0\u00a0\u00a0\u00a0\u00a0\u00a0\u00a0\u00a0\u00a0\u00a0\u00a0\u00a0\u00a0\u00a0\u00a0\u00a0\u00a0\u00a0\u00a0\u00a0\u00a0\u00a0\u00a0\u00a0\u00a0\u00a0\u00a0\u00a0\u00a0\u00a0\u00a0\u00a0\u00a0\u00a0\u00a0\u00a0 \u00a0\u00a0\u00a0\u00a0\u00a0\u00a0\u00a0\u00a0\u00a0\u00a0\u00a0 Reiskirchen, 04.01.23<\/p>\n<h1>J A H R E S B E R I C H T\u00a0\u00a0 2 0 2 2<\/h1>\n<h3 style=\"font-weight: 400;\">Abt. Turnen und Leichtathletik<\/h3>\n\n<style type=\"text\/css\" data-created_by=\"avia_inline_auto\" id=\"style-css-av-av_hr-cc88effc45839a709066c68716a550f9\">\n#top .hr.hr-invisible.av-av_hr-cc88effc45839a709066c68716a550f9{\nheight:20px;\n}\n<\/style>\n<div  class='hr av-av_hr-cc88effc45839a709066c68716a550f9 hr-invisible  avia-builder-el-1  el_before_av_hr  avia-builder-el-first '><span class='hr-inner '><span class=\"hr-inner-style\"><\/span><\/span><\/div>\n<p style=\"font-weight: 400;\">In diesem Jahr haben wir erneut unseren Focus auf die Sportabzeichenabnahme gelegt. Es wurde an der IGS Buseck und in der eigenen Abteilung die Abnahme angeboten. Bei den Kindern ist nach wie vor das Schwimmen ein gro\u00dfes Problem, was sich\u00a0 leider im Rahmen der Energiekrise mit geschlossenen Schwimmb\u00e4dern nicht verbessern l\u00e4sst.<\/p>\n<p style=\"font-weight: 400;\">An der IGS haben 89 Sch\u00fcer und Sch\u00fclerinnen das Abzeichen in Gold\/Silber\/Bronze erreicht \u2013 40 Kinder konnten mangels Schwimmleistung nicht eingereicht werden.<\/p>\n<p style=\"font-weight: 400;\">In unserer Abteilung waren es 6 Kinder:<\/p>\n<p style=\"font-weight: 400;\">Arjin G\u00d6ZENOGLU und Noah WENIGER in Bronze;<\/p>\n<p style=\"font-weight: 400;\">Katharina BAIER, Lucy EARLY\u00a0 und Sarah WENIGER in Silber<\/p>\n<p style=\"font-weight: 400;\">Lina WERB in Gold<\/p>\n<p style=\"font-weight: 400;\">Urkunden mangels Schwimmen erhielten:<\/p>\n<p style=\"font-weight: 400;\">Samu SCHNEIDER \u2013 Melissa JORNS \u2013 Amelie PROCH \u2013 Lina Felice SCHNEIDER \u2013 Lara JORNS \u2013 Viktoria Baier<\/p>\n<p style=\"font-weight: 400;\">und mangels Ausdauer: Kira TASKIN<\/p>\n<p style=\"font-weight: 400;\">sowie 7 <strong>Erwachsene<\/strong> (alle in Gold):<\/p>\n<p style=\"font-weight: 400;\">Jochen G\u00c4RTNER &#8211; Axel HOLLNAGEL &#8211;\u00a0 Philipp SCHELD \u2013 Hans KRUPPA und Dieter M\u00d6BUS, der mit seinen 82 Jahren optimistisch an neue \u00dcbungen herangeht und auch absolviert, z. B. dieses Jahr den Geschicklichkeitsparcour.<\/p>\n<p style=\"font-weight: 400;\">Christiane PRIDAL \u2013 Gerda WAGNER<\/p>\n<p style=\"font-weight: 400;\">F\u00fcr\u00a0 Wettk\u00e4mpfe wurde nicht gemeldet. Vielleicht bietet das Kinderturnfest in 2023 einen erneuten Einstieg. Eine neue Kindergruppe ab 11 Jahren konnte mangels \u00dcbungsleiter nicht ge\u00f6ffnet werden, soda\u00df an Leichtathletik interessierte Kinder auf\u00a0 Nachbarvereine (Burkhardsfelden \/ Alten-Buseck) verwiesen wurden.<\/p>\n<p style=\"font-weight: 400;\">Die \u00dcbungsstunden fanden ganzj\u00e4hrig statt und die M\u00f6glichkeiten in den Ferien auch die Sporthallen \/ Sportplatz nutzen zu k\u00f6nnen hat sich bew\u00e4hrt und kann evt. im n\u00e4chsten Jahr auf weitere Gruppen ausgeweitet werden.<\/p>\n<p style=\"font-weight: 400;\">Die Kindergruppen sind wieder erstarkt und in der Eltern-Kind-Gruppe hat es einen Wechsel der \u00dcbungsleiterin, auf Antje Haas gegeben.<\/p>\n<p style=\"font-weight: 400;\">Eine Abteilungssitzung fand in 2022 nicht statt.<\/p>\n<p style=\"font-weight: 400;\">Positiv und erfreulich ist, da\u00df im Bereich der Kinderbetreuung neben Finia DIETRICH im Bereich der 4-6j\u00e4hrigen auch Lina WERB bei den 6-10j\u00e4hrigen assistierten.<\/p>\n<p style=\"font-weight: 400;\">Unsere Aktivit\u00e4ten\u00a0 im Freizeitsport, wie Joggen, Walken und Radfahren wurden auch in diesem Jahr wieder durchgef\u00fchrt.<\/p>\n<p style=\"font-weight: 400;\">Bedanken m\u00f6chte ich mich bei allen \u00dcbungsleitern und Helfern, die es erm\u00f6glichten\u00a0 den \u00dcbungsbetrieb, auch mit den Abnahmen der Sportabzeichen, durchzuf\u00fchren. Unser Dank gilt den Hausmeistern und Reinigungskr\u00e4ften der genutzten Hallen ebenso dem Vorstand und den Abteilungen f\u00fcr die gute Zusammenarbeit in 2022.<\/p>\n<p style=\"font-weight: 400;\">\n<style type=\"text\/css\" data-created_by=\"avia_inline_auto\" id=\"style-css-av-av_hr-cc88effc45839a709066c68716a550f9\">\n#top .hr.hr-invisible.av-av_hr-cc88effc45839a709066c68716a550f9{\nheight:20px;\n}\n<\/style>\n<div  class='hr av-av_hr-cc88effc45839a709066c68716a550f9 hr-invisible  avia-builder-el-2  el_after_av_hr  avia-builder-el-last '><span class='hr-inner '><span class=\"hr-inner-style\"><\/span><\/span><\/div><\/p>\n<p style=\"font-weight: 400;\">Gerda Wagner<\/p>\n<p style=\"font-weight: 400;\">Abt.\u00ad-Leiterin<\/p>\n<\/div><\/section>\n","protected":false},"excerpt":{"rendered":"","protected":false},"author":2,"featured_media":4339,"comment_status":"closed","ping_status":"open","sticky":false,"template":"","format":"standard","meta":{"footnotes":""},"categories":[14,33],"tags":[],"class_list":["post-4338","post","type-post","status-publish","format-standard","has-post-thumbnail","hentry","category-news","category-turnen-leichtathletik"],"_links":{"self":[{"href":"https:\/\/tsg-reiskirchen.de\/index.php?rest_route=\/wp\/v2\/posts\/4338","targetHints":{"allow":["GET"]}}],"collection":[{"href":"https:\/\/tsg-reiskirchen.de\/index.php?rest_route=\/wp\/v2\/posts"}],"about":[{"href":"https:\/\/tsg-reiskirchen.de\/index.php?rest_route=\/wp\/v2\/types\/post"}],"author":[{"embeddable":true,"href":"https:\/\/tsg-reiskirchen.de\/index.php?rest_route=\/wp\/v2\/users\/2"}],"replies":[{"embeddable":true,"href":"https:\/\/tsg-reiskirchen.de\/index.php?rest_route=%2Fwp%2Fv2%2Fcomments&post=4338"}],"version-history":[{"count":2,"href":"https:\/\/tsg-reiskirchen.de\/index.php?rest_route=\/wp\/v2\/posts\/4338\/revisions"}],"predecessor-version":[{"id":4341,"href":"https:\/\/tsg-reiskirchen.de\/index.php?rest_route=\/wp\/v2\/posts\/4338\/revisions\/4341"}],"wp:featuredmedia":[{"embeddable":true,"href":"https:\/\/tsg-reiskirchen.de\/index.php?rest_route=\/wp\/v2\/media\/4339"}],"wp:attachment":[{"href":"https:\/\/tsg-reiskirchen.de\/index.php?rest_route=%2Fwp%2Fv2%2Fmedia&parent=4338"}],"wp:term":[{"taxonomy":"category","embeddable":true,"href":"https:\/\/tsg-reiskirchen.de\/index.php?rest_route=%2Fwp%2Fv2%2Fcategories&post=4338"},{"taxonomy":"post_tag","embeddable":true,"href":"https:\/\/tsg-reiskirchen.de\/index.php?rest_route=%2Fwp%2Fv2%2Ftags&post=4338"}],"curies":[{"name":"wp","href":"https:\/\/api.w.org\/{rel}","templated":true}]}}